{"id":9947,"date":"2007-09-26T00:00:00","date_gmt":"2007-09-26T00:00:00","guid":{"rendered":"http:\/\/kentyasam.com.tr\/wp\/?p=9947"},"modified":"2007-09-26T00:00:00","modified_gmt":"2007-09-26T00:00:00","slug":"karsiliksiz-hizmetler-odullendirildi","status":"publish","type":"post","link":"https:\/\/kentyasam.com.tr\/wp\/2007\/09\/26\/karsiliksiz-hizmetler-odullendirildi\/","title":{"rendered":"Kar\u015f\u0131l\u0131ks\u0131z hizmetler \u00f6d\u00fcllendirildi"},"content":{"rendered":"11. Geleneksel T\u00fclay Akta\u015f \u0130zmir G\u00f6n\u00fcll\u00fc Kurulu\u015flar G\u00fc\u00e7birli\u011fi Toplant\u0131s\u0131 ve Kar\u015f\u0131l\u0131ks\u0131z Hizmet \u00d6d\u00fcl T\u00f6reni, Bal\u00e7ova Termal Tesisleri\u0092nde ger\u00e7ekle\u015ftirildi. Her y\u0131l geleneksel olarak d\u00fczenlenen t\u00f6ren ile kendini insana hizmete adam\u0131\u015f, g\u00f6n\u00fcll\u00fcl\u00fck ilkesine g\u00f6n\u00fclden inanarak, \u0130zmir\u0091deki g\u00f6n\u00fcll\u00fc kurulu\u015flarla yak\u0131n \u00e7al\u0131\u015fmalar s\u00fcrd\u00fcren T\u00fclay Akta\u015f bir kez daha an\u0131ld\u0131. \u0130zmir Valisi\u0092nin e\u015fi ve G\u00fc\u00e7birli\u011fi Do\u011fal Ba\u015fkan\u0131 Berrin K\u0131ra\u00e7 himayesinde ger\u00e7ekle\u015ftirilen t\u00f6rende, \u0130zmir protokol\u00fc ve sivil toplum kurulu\u015flar\u0131n\u0131n temsilciler haz\u0131r bulundu. Toplam 21 projenin yer ald\u0131\u011f\u0131 T\u00fclay Akta\u015f Kar\u015f\u0131l\u0131ks\u0131z Hizmet \u00d6d\u00fcl T\u00f6reninde kat\u0131lan her projeye te\u015fekk\u00fcr belgesi verildi. J\u00fcri \u00d6zel \u00d6d\u00fcl\u00fc \u0130zmir Kahramanlar Lions Kul\u00fcb\u00fc Derne\u011fi ile \u0130zmir Soroptimist Kul\u00fcb\u00fc\u0092ne, J\u00fcri Te\u015fvik \u00d6d\u00fcl\u00fc \u00c7e\u015fme Do\u011fa ve Hayvan Severler ve Koruyanlar Derne\u011fi, Alzheimer Derne\u011fi ve Vakf\u0131 \u0130zmir \u015eubesi ile Kemalpa\u015fa Kad\u0131n Platformu Derne\u011fi\u0092ne, J\u00fcri Te\u015fekk\u00fcr \u00d6zel \u00d6d\u00fcl\u00fc de H\u00fcrriyet Kad\u0131n Kul\u00fcb\u00fc ile Yeni As\u0131r Kad\u0131n D\u00fcnyas\u0131\u0092na verildi.<h3>Related Images:<\/h3>","protected":false},"excerpt":{"rendered":"<div class=\"mh-excerpt\"><p>11. Geleneksel T\u00fclay Akta\u015f \u0130zmir G\u00f6n\u00fcll\u00fc Kurulu\u015flar G\u00fc\u00e7birli\u011fi Toplant\u0131s\u0131 ve Kar\u015f\u0131l\u0131ks\u0131z Hizmet \u00d6d\u00fcl T\u00f6reni, Bal\u00e7ova Termal Tesisleri\u0092nde ger\u00e7ekle\u015ftirildi. Her y\u0131l geleneksel olarak d\u00fczenlenen t\u00f6ren ile <a class=\"mh-excerpt-more\" href=\"https:\/\/kentyasam.com.tr\/wp\/2007\/09\/26\/karsiliksiz-hizmetler-odullendirildi\/\" title=\"Kar\u015f\u0131l\u0131ks\u0131z hizmetler \u00f6d\u00fcllendirildi\">[&#8230;]<\/a><\/p>\n<\/div>","protected":false},"author":1,"featured_media":34385,"comment_status":"open","ping_status":"open","sticky":false,"template":"","format":"standard","meta":{"ngg_post_thumbnail":0,"footnotes":""},"categories":[1],"tags":[],"_links":{"self":[{"href":"https:\/\/kentyasam.com.tr\/wp\/wp-json\/wp\/v2\/posts\/9947"}],"collection":[{"href":"https:\/\/kentyasam.com.tr\/wp\/wp-json\/wp\/v2\/posts"}],"about":[{"href":"https:\/\/kentyasam.com.tr\/wp\/wp-json\/wp\/v2\/types\/post"}],"author":[{"embeddable":true,"href":"https:\/\/kentyasam.com.tr\/wp\/wp-json\/wp\/v2\/users\/1"}],"replies":[{"embeddable":true,"href":"https:\/\/kentyasam.com.tr\/wp\/wp-json\/wp\/v2\/comments?post=9947"}],"version-history":[{"count":0,"href":"https:\/\/kentyasam.com.tr\/wp\/wp-json\/wp\/v2\/posts\/9947\/revisions"}],"wp:featuredmedia":[{"embeddable":true,"href":"https:\/\/kentyasam.com.tr\/wp\/wp-json\/wp\/v2\/media\/34385"}],"wp:attachment":[{"href":"https:\/\/kentyasam.com.tr\/wp\/wp-json\/wp\/v2\/media?parent=9947"}],"wp:term":[{"taxonomy":"category","embeddable":true,"href":"https:\/\/kentyasam.com.tr\/wp\/wp-json\/wp\/v2\/categories?post=9947"},{"taxonomy":"post_tag","embeddable":true,"href":"https:\/\/kentyasam.com.tr\/wp\/wp-json\/wp\/v2\/tags?post=9947"}],"curies":[{"name":"wp","href":"https:\/\/api.w.org\/{rel}","templated":true}]}}