{"id":9778,"date":"2007-09-05T00:00:00","date_gmt":"2007-09-05T00:00:00","guid":{"rendered":"http:\/\/kentyasam.com.tr\/wp\/?p=9778"},"modified":"2007-09-05T00:00:00","modified_gmt":"2007-09-05T00:00:00","slug":"baskan-kocaoglu-18-aylik-rotayi-cizdi","status":"publish","type":"post","link":"https:\/\/kentyasam.com.tr\/wp\/2007\/09\/05\/baskan-kocaoglu-18-aylik-rotayi-cizdi\/","title":{"rendered":"Ba\u015fkan Kocao\u011flu 18 ayl\u0131k rotay\u0131 \u00e7izdi"},"content":{"rendered":"\u0130zmir B\u00fcy\u00fck\u015fehir Belediye Ba\u015fkan\u0131 Aziz Kocao\u011flu, DSP \u0130l Ba\u015fkan\u0131 \u00d6zdemir S\u00f6kmen\u0092e nezaket ziyaretinde bulundu. Ba\u015fkan Kocao\u011flu, \u0130l Y\u00f6netim Kurulu \u00dcyesi ve eski meclis \u00fcyesi Mehmet Ali Hepkalender\u0092in vefat\u0131 dolay\u0131s\u0131yla da S\u00f6kmen\u0092e ba\u015fsa\u011fl\u0131\u011f\u0131 dile\u011finde bulundu. DSP \u0130l Y\u00f6netim Kurulu \u00fcyelerinin de haz\u0131r bulundu\u011fu ziyaret s\u0131ras\u0131nda Ba\u015fkan Aziz Kocao\u011flu, \u00f6n\u00fcm\u00fczdeki 18 ay\u0131n nefes nefese ge\u00e7ece\u011fini s\u00f6yledi. \u0130zmir\u0092in ba\u015fta ula\u015f\u0131m olmak \u00fczere bir\u00e7ok sorununu \u00e7\u00f6zecek projeleri ya\u015fama ge\u00e7irmekte olduklar\u0131n\u0131 anlatan Kocao\u011flu, \u00932008, \u0130zmir B\u00fcy\u00fck\u015fehir Belediyesi\u0092nin \u00fc\u00e7 y\u0131lda ne yapt\u0131\u011f\u0131n\u0131n ve neleri planlad\u0131\u011f\u0131n\u0131n bir g\u00f6stergesi olacak\u0094 dedi. DSP \u0130l Ba\u015fkan\u0131 \u00d6zdemir S\u00f6kmen,  Kocao\u011flu\u0092nun belediye ba\u015fkan\u0131 olmas\u0131 ve devam ettirmesinin CHP i\u00e7in bir \u015fans oldu\u011funu belirterek, \u0093Bug\u00fcne kadar \u00e7izgisini hi\u00e7 de\u011fi\u015ftirmemi\u015ftir. D\u00fcr\u00fcstl\u00fck ve \u00e7izgisine hayran\u0131m. Benim i\u00e7in, z\u0131p z\u0131p z\u0131playan, partiden partiye ge\u00e7en insanlar, siyaset\u00e7iler hi\u00e7 muteber de\u011fildir.\u0094 diye konu\u015ftu.<h3>Related Images:<\/h3>","protected":false},"excerpt":{"rendered":"<div class=\"mh-excerpt\"><p>\u0130zmir B\u00fcy\u00fck\u015fehir Belediye Ba\u015fkan\u0131 Aziz Kocao\u011flu, DSP \u0130l Ba\u015fkan\u0131 \u00d6zdemir S\u00f6kmen\u0092e nezaket ziyaretinde bulundu. Ba\u015fkan Kocao\u011flu, \u0130l Y\u00f6netim Kurulu \u00dcyesi ve eski meclis \u00fcyesi Mehmet <a class=\"mh-excerpt-more\" href=\"https:\/\/kentyasam.com.tr\/wp\/2007\/09\/05\/baskan-kocaoglu-18-aylik-rotayi-cizdi\/\" title=\"Ba\u015fkan Kocao\u011flu 18 ayl\u0131k rotay\u0131 \u00e7izdi\">[&#8230;]<\/a><\/p>\n<\/div>","protected":false},"author":1,"featured_media":34237,"comment_status":"open","ping_status":"open","sticky":false,"template":"","format":"standard","meta":{"ngg_post_thumbnail":0,"footnotes":""},"categories":[1],"tags":[],"_links":{"self":[{"href":"https:\/\/kentyasam.com.tr\/wp\/wp-json\/wp\/v2\/posts\/9778"}],"collection":[{"href":"https:\/\/kentyasam.com.tr\/wp\/wp-json\/wp\/v2\/posts"}],"about":[{"href":"https:\/\/kentyasam.com.tr\/wp\/wp-json\/wp\/v2\/types\/post"}],"author":[{"embeddable":true,"href":"https:\/\/kentyasam.com.tr\/wp\/wp-json\/wp\/v2\/users\/1"}],"replies":[{"embeddable":true,"href":"https:\/\/kentyasam.com.tr\/wp\/wp-json\/wp\/v2\/comments?post=9778"}],"version-history":[{"count":0,"href":"https:\/\/kentyasam.com.tr\/wp\/wp-json\/wp\/v2\/posts\/9778\/revisions"}],"wp:featuredmedia":[{"embeddable":true,"href":"https:\/\/kentyasam.com.tr\/wp\/wp-json\/wp\/v2\/media\/34237"}],"wp:attachment":[{"href":"https:\/\/kentyasam.com.tr\/wp\/wp-json\/wp\/v2\/media?parent=9778"}],"wp:term":[{"taxonomy":"category","embeddable":true,"href":"https:\/\/kentyasam.com.tr\/wp\/wp-json\/wp\/v2\/categories?post=9778"},{"taxonomy":"post_tag","embeddable":true,"href":"https:\/\/kentyasam.com.tr\/wp\/wp-json\/wp\/v2\/tags?post=9778"}],"curies":[{"name":"wp","href":"https:\/\/api.w.org\/{rel}","templated":true}]}}