{"id":9744,"date":"2007-09-01T00:00:00","date_gmt":"2007-09-01T00:00:00","guid":{"rendered":"http:\/\/kentyasam.com.tr\/wp\/?p=9744"},"modified":"2007-09-01T00:00:00","modified_gmt":"2007-09-01T00:00:00","slug":"konak-ile-opcina-centar-kardes-kent-oldu","status":"publish","type":"post","link":"https:\/\/kentyasam.com.tr\/wp\/2007\/09\/01\/konak-ile-opcina-centar-kardes-kent-oldu\/","title":{"rendered":"Konak ile Opcina Centar karde\u015f kent oldu"},"content":{"rendered":"Konak Belediyesi ile Bosna Hersek Cumhuriyeti&#8217;nin Sarayevo-Opcina Centar Belediyesi imzalanan protokolle karde\u015f kent oldu. Alsancak K\u00fclt\u00fcr Merkezi Benal Nevzat Salonu&#8217;nundaki imza t\u00f6renine Bosna Hersek Fahri Konsolosu Kemal Baysak, Konak Belediye Ba\u015fkan\u0131 Muzaffer Tun\u00e7a\u011f, Opcina Centar Sarayova Belediye Ba\u015fkan\u0131 Dzevan Becirevic, her iki belediyenin meclis \u00fcyeleriyle Bosna Hersek fuar heyeti de kat\u0131ld\u0131. Opcina Centar Belediye Ba\u015fkan\u0131 Dzevan Becirevic, 12 y\u0131l s\u00fcren sava\u015ftan bu yana ger\u00e7ekle\u015ftirilen ilk karde\u015f \u015fehir anla\u015fmas\u0131 nedeniyle \u00e7ok mutlu olduklar\u0131n\u0131 ve bu gururu \u00fclkesindeki vatanda\u015flar\u0131 ile payla\u015facaklar\u0131n\u0131 s\u00f6yledi. Konak Belediye Ba\u015fkan\u0131 Muzaffer Tun\u00e7a\u011f, iki sosyal demokrat belediye olarak protokol\u00fc imzalamak i\u00e7in \u00f6zellikle 1 Eyl\u00fcl D\u00fcnya Bar\u0131\u015f G\u00fcn\u00fc&#8217;n\u00fc se\u00e7tiklerini hat\u0131rlatt\u0131. Tun\u00e7a\u011f sava\u015f sonras\u0131 yaralar\u0131n sar\u0131lm\u0131\u015f oldu\u011funu g\u00f6rmek ve ac\u0131lar\u0131n geride kald\u0131\u011f\u0131n\u0131 bilmenin kendilerini mutlu etti\u011fini vurgulad\u0131.<h3>Related Images:<\/h3>","protected":false},"excerpt":{"rendered":"<div class=\"mh-excerpt\"><p>Konak Belediyesi ile Bosna Hersek Cumhuriyeti&#8217;nin Sarayevo-Opcina Centar Belediyesi imzalanan protokolle karde\u015f kent oldu. Alsancak K\u00fclt\u00fcr Merkezi Benal Nevzat Salonu&#8217;nundaki imza t\u00f6renine Bosna Hersek Fahri <a class=\"mh-excerpt-more\" href=\"https:\/\/kentyasam.com.tr\/wp\/2007\/09\/01\/konak-ile-opcina-centar-kardes-kent-oldu\/\" title=\"Konak ile Opcina Centar karde\u015f kent oldu\">[&#8230;]<\/a><\/p>\n<\/div>","protected":false},"author":1,"featured_media":34207,"comment_status":"open","ping_status":"open","sticky":false,"template":"","format":"standard","meta":{"ngg_post_thumbnail":0,"footnotes":""},"categories":[1],"tags":[],"_links":{"self":[{"href":"https:\/\/kentyasam.com.tr\/wp\/wp-json\/wp\/v2\/posts\/9744"}],"collection":[{"href":"https:\/\/kentyasam.com.tr\/wp\/wp-json\/wp\/v2\/posts"}],"about":[{"href":"https:\/\/kentyasam.com.tr\/wp\/wp-json\/wp\/v2\/types\/post"}],"author":[{"embeddable":true,"href":"https:\/\/kentyasam.com.tr\/wp\/wp-json\/wp\/v2\/users\/1"}],"replies":[{"embeddable":true,"href":"https:\/\/kentyasam.com.tr\/wp\/wp-json\/wp\/v2\/comments?post=9744"}],"version-history":[{"count":0,"href":"https:\/\/kentyasam.com.tr\/wp\/wp-json\/wp\/v2\/posts\/9744\/revisions"}],"wp:featuredmedia":[{"embeddable":true,"href":"https:\/\/kentyasam.com.tr\/wp\/wp-json\/wp\/v2\/media\/34207"}],"wp:attachment":[{"href":"https:\/\/kentyasam.com.tr\/wp\/wp-json\/wp\/v2\/media?parent=9744"}],"wp:term":[{"taxonomy":"category","embeddable":true,"href":"https:\/\/kentyasam.com.tr\/wp\/wp-json\/wp\/v2\/categories?post=9744"},{"taxonomy":"post_tag","embeddable":true,"href":"https:\/\/kentyasam.com.tr\/wp\/wp-json\/wp\/v2\/tags?post=9744"}],"curies":[{"name":"wp","href":"https:\/\/api.w.org\/{rel}","templated":true}]}}