{"id":9719,"date":"2007-08-29T00:00:00","date_gmt":"2007-08-29T00:00:00","guid":{"rendered":"http:\/\/kentyasam.com.tr\/wp\/?p=9719"},"modified":"2007-08-29T00:00:00","modified_gmt":"2007-08-29T00:00:00","slug":"76-izmir-enternasyonal-fuari-aciliyor","status":"publish","type":"post","link":"https:\/\/kentyasam.com.tr\/wp\/2007\/08\/29\/76-izmir-enternasyonal-fuari-aciliyor\/","title":{"rendered":"76. \u0130zmir Enternasyonal Fuar\u0131 a\u00e7\u0131l\u0131yor"},"content":{"rendered":"T\u00fcrkiye\u0092nin ilk, tek ve en uzun s\u00fcreli uluslararas\u0131 fuar organizasyonu olan \u0130EF-\u0130zmir Enternasyonal Fuar\u0131\u0092n\u0131n 76.s\u0131 31 A\u011fustos-9 Eyl\u00fcl tarihleri aras\u0131nda ger\u00e7ekle\u015ftiriliyor. \u0130zmir Enternasyonal Fuar\u0131 31 A\u011fustos 2007 g\u00fcn\u00fc, saat 19.30\u0092da Lozan Kap\u0131s\u0131\u0092nda yap\u0131lacak t\u00f6renle a\u00e7\u0131lacak. Onur Konu\u011fu \u00fclkenin Ukrayna, Onur Konu\u011fu ilin \u00c7orum oldu\u011fu \u0130zmir Enternasyonal Fuar\u0131\u0092n\u0131n bu y\u0131lki temas\u0131 sa\u011fl\u0131k. \u0130zmir\u0092in \u0093Daha \u0130yi Bir D\u00fcnya \u0130\u00e7in Yeni Yollar ve Herkes \u0130\u00e7in Sa\u011fl\u0131k\u0094 temas\u0131yla B\u00fcy\u00fck D\u00fcnya Sergisi &#8211; EXPO 2015\u0092e aday olmas\u0131 nedeniyle \u0130zmir Enternasyonal Fuar\u0131\u0092n\u0131n bu y\u0131lki temas\u0131 sa\u011fl\u0131k olarak belirlendi. Bu ama\u00e7la, \u0130EF kapsam\u0131nda uluslararas\u0131 \u00e7apta bir uzmanl\u0131k kongresinin, halka y\u00f6nelik bir sa\u011fl\u0131k sempozyumunun ve sekt\u00f6r kat\u0131l\u0131mc\u0131lar\u0131n\u0131n ger\u00e7ekle\u015ftirece\u011fi sa\u011fl\u0131k taramas\u0131 ve tan\u0131t\u0131mlar\u0131n\u0131n yap\u0131lmas\u0131na karar verildi. T\u00fcrkiye Acil T\u0131p Derne\u011fi \u00f6nc\u00fcl\u00fc\u011f\u00fcnde ger\u00e7ekle\u015ftirilecek 3. T\u00fcrkiye Acil T\u0131p Kongresi 6-8 Eyl\u00fcl 2007 tarihleri aras\u0131nda Uluslararas\u0131 \u0130zmir Fuar Alan\u0131 1-B Salonunda, 3-8 Eyl\u00fcl 2007 tarihleri aras\u0131nda Celal Atik Spor Salonu\u0092nda da Herkes \u0130\u00e7in Sa\u011fl\u0131k Sempozyumu halka a\u00e7\u0131k, \u00fccretsiz olarak ger\u00e7ekle\u015ftirilecek. D\u00fcnyan\u0131n say\u0131l\u0131 genel ticaret fuarlar\u0131ndan biri olan \u0130zmir Enternasyonal Fuar\u0131\u0092na 59 \u00fclke, 16 farkl\u0131 \u00fcr\u00fcn grubundan, 276\u0092s\u0131 yabanc\u0131, 815\u0092i yerli, toplam 1091 firma kat\u0131l\u0131yor. Tahmin edilen ziyaret\u00e7i say\u0131s\u0131 ise 1- 1,5 milyon ki\u015fi. Fuar giri\u015f \u00fccretleri ise tam 1 YTL, \u00f6\u011frenci 50 YKR olarak belirlendi.<h3>Related Images:<\/h3>","protected":false},"excerpt":{"rendered":"<div class=\"mh-excerpt\"><p>T\u00fcrkiye\u0092nin ilk, tek ve en uzun s\u00fcreli uluslararas\u0131 fuar organizasyonu olan \u0130EF-\u0130zmir Enternasyonal Fuar\u0131\u0092n\u0131n 76.s\u0131 31 A\u011fustos-9 Eyl\u00fcl tarihleri aras\u0131nda ger\u00e7ekle\u015ftiriliyor. \u0130zmir Enternasyonal Fuar\u0131 31 <a class=\"mh-excerpt-more\" href=\"https:\/\/kentyasam.com.tr\/wp\/2007\/08\/29\/76-izmir-enternasyonal-fuari-aciliyor\/\" title=\"76. \u0130zmir Enternasyonal Fuar\u0131 a\u00e7\u0131l\u0131yor\">[&#8230;]<\/a><\/p>\n<\/div>","protected":false},"author":1,"featured_media":34187,"comment_status":"open","ping_status":"open","sticky":false,"template":"","format":"standard","meta":{"ngg_post_thumbnail":0,"footnotes":""},"categories":[1],"tags":[],"_links":{"self":[{"href":"https:\/\/kentyasam.com.tr\/wp\/wp-json\/wp\/v2\/posts\/9719"}],"collection":[{"href":"https:\/\/kentyasam.com.tr\/wp\/wp-json\/wp\/v2\/posts"}],"about":[{"href":"https:\/\/kentyasam.com.tr\/wp\/wp-json\/wp\/v2\/types\/post"}],"author":[{"embeddable":true,"href":"https:\/\/kentyasam.com.tr\/wp\/wp-json\/wp\/v2\/users\/1"}],"replies":[{"embeddable":true,"href":"https:\/\/kentyasam.com.tr\/wp\/wp-json\/wp\/v2\/comments?post=9719"}],"version-history":[{"count":0,"href":"https:\/\/kentyasam.com.tr\/wp\/wp-json\/wp\/v2\/posts\/9719\/revisions"}],"wp:featuredmedia":[{"embeddable":true,"href":"https:\/\/kentyasam.com.tr\/wp\/wp-json\/wp\/v2\/media\/34187"}],"wp:attachment":[{"href":"https:\/\/kentyasam.com.tr\/wp\/wp-json\/wp\/v2\/media?parent=9719"}],"wp:term":[{"taxonomy":"category","embeddable":true,"href":"https:\/\/kentyasam.com.tr\/wp\/wp-json\/wp\/v2\/categories?post=9719"},{"taxonomy":"post_tag","embeddable":true,"href":"https:\/\/kentyasam.com.tr\/wp\/wp-json\/wp\/v2\/tags?post=9719"}],"curies":[{"name":"wp","href":"https:\/\/api.w.org\/{rel}","templated":true}]}}