{"id":9679,"date":"2007-08-24T00:00:00","date_gmt":"2007-08-24T00:00:00","guid":{"rendered":"http:\/\/kentyasam.com.tr\/wp\/?p=9679"},"modified":"2007-08-24T00:00:00","modified_gmt":"2007-08-24T00:00:00","slug":"orgeneral-ozel-kocaoglu-nu-ziyaret-etti","status":"publish","type":"post","link":"https:\/\/kentyasam.com.tr\/wp\/2007\/08\/24\/orgeneral-ozel-kocaoglu-nu-ziyaret-etti\/","title":{"rendered":"Orgeneral \u00d6zel Kocao\u011flu&#8217;nu ziyaret etti"},"content":{"rendered":"Ege Ordusu Komutanl\u0131\u011f\u0131 g\u00f6revine atanan Korgeneral Necdet \u00d6zel,  \u0130zmir B\u00fcy\u00fck\u015fehir Belediye Ba\u015fkan\u0131 Aziz Kocao\u011flu\u0092na iade-i ziyarette bulundu. Ge\u00e7ti\u011fimiz g\u00fcnlerde yeni g\u00f6revine ba\u015flamas\u0131 nedeniyle kendisine ziyarette bulunan Ba\u015fkan Kocao\u011flu\u0092nu makam\u0131nda ziyaret eden Korgeneral Necdet \u00d6zel, \u0093Ba\u015fkan Aziz Kocao\u011flu\u0092nun, g\u00f6reve ba\u015flamam dolay\u0131s\u0131yla ger\u00e7ekle\u015ftirdi\u011fi ziyaretten dolay\u0131 b\u00fcy\u00fck mutluluk duydum. Bug\u00fcn de ben iade-i ziyarette bulunuyorum. Kendisinin \u015fahs\u0131nda t\u00fcm \u0130zmirlilere en iyi dileklerimi g\u00f6nderiyorum.  Ba\u015fkan Aziz Kocao\u011flu ile s\u0131k\u0131 bir i\u015fbirli\u011fi i\u00e7inde \u00e7al\u0131\u015faca\u011f\u0131m\u0131za eminim.\u0094 dedi. Ba\u015fkan Aziz Kocao\u011flu da Korgeneral Necdet \u00d6zel\u0092in ziyaretinden dolay\u0131 b\u00fcy\u00fck bir mutluluk duydu\u011funu dile getirerek, yeni komutana g\u00f6revinde ba\u015far\u0131lar diledi ve kar\u015f\u0131l\u0131kl\u0131 i\u015fbirli\u011fi i\u00e7inde \u00e7al\u0131\u015fmalar s\u00fcrd\u00fcrmeye haz\u0131r olduklar\u0131n\u0131 s\u00f6yledi.<h3>Related Images:<\/h3>","protected":false},"excerpt":{"rendered":"<div class=\"mh-excerpt\"><p>Ege Ordusu Komutanl\u0131\u011f\u0131 g\u00f6revine atanan Korgeneral Necdet \u00d6zel, \u0130zmir B\u00fcy\u00fck\u015fehir Belediye Ba\u015fkan\u0131 Aziz Kocao\u011flu\u0092na iade-i ziyarette bulundu. Ge\u00e7ti\u011fimiz g\u00fcnlerde yeni g\u00f6revine ba\u015flamas\u0131 nedeniyle kendisine ziyarette <a class=\"mh-excerpt-more\" href=\"https:\/\/kentyasam.com.tr\/wp\/2007\/08\/24\/orgeneral-ozel-kocaoglu-nu-ziyaret-etti\/\" title=\"Orgeneral \u00d6zel Kocao\u011flu&#8217;nu ziyaret etti\">[&#8230;]<\/a><\/p>\n<\/div>","protected":false},"author":1,"featured_media":34150,"comment_status":"open","ping_status":"open","sticky":false,"template":"","format":"standard","meta":{"ngg_post_thumbnail":0,"footnotes":""},"categories":[1],"tags":[],"_links":{"self":[{"href":"https:\/\/kentyasam.com.tr\/wp\/wp-json\/wp\/v2\/posts\/9679"}],"collection":[{"href":"https:\/\/kentyasam.com.tr\/wp\/wp-json\/wp\/v2\/posts"}],"about":[{"href":"https:\/\/kentyasam.com.tr\/wp\/wp-json\/wp\/v2\/types\/post"}],"author":[{"embeddable":true,"href":"https:\/\/kentyasam.com.tr\/wp\/wp-json\/wp\/v2\/users\/1"}],"replies":[{"embeddable":true,"href":"https:\/\/kentyasam.com.tr\/wp\/wp-json\/wp\/v2\/comments?post=9679"}],"version-history":[{"count":0,"href":"https:\/\/kentyasam.com.tr\/wp\/wp-json\/wp\/v2\/posts\/9679\/revisions"}],"wp:featuredmedia":[{"embeddable":true,"href":"https:\/\/kentyasam.com.tr\/wp\/wp-json\/wp\/v2\/media\/34150"}],"wp:attachment":[{"href":"https:\/\/kentyasam.com.tr\/wp\/wp-json\/wp\/v2\/media?parent=9679"}],"wp:term":[{"taxonomy":"category","embeddable":true,"href":"https:\/\/kentyasam.com.tr\/wp\/wp-json\/wp\/v2\/categories?post=9679"},{"taxonomy":"post_tag","embeddable":true,"href":"https:\/\/kentyasam.com.tr\/wp\/wp-json\/wp\/v2\/tags?post=9679"}],"curies":[{"name":"wp","href":"https:\/\/api.w.org\/{rel}","templated":true}]}}