{"id":9649,"date":"2007-08-21T00:00:00","date_gmt":"2007-08-21T00:00:00","guid":{"rendered":"http:\/\/kentyasam.com.tr\/wp\/?p=9649"},"modified":"2007-08-21T00:00:00","modified_gmt":"2007-08-21T00:00:00","slug":"ozbeklere-ege-modeli","status":"publish","type":"post","link":"https:\/\/kentyasam.com.tr\/wp\/2007\/08\/21\/ozbeklere-ege-modeli\/","title":{"rendered":"\u00d6zbeklere Ege modeli"},"content":{"rendered":"\u00d6zbekistan\u0092\u0131n Ankara B\u00fcy\u00fckel\u00e7isi Ulfat Kadirov, B\u00fcy\u00fck\u015fehir Belediye Ba\u015fkan\u0131 Aziz Kocao\u011flu\u0092nu ziyaret ederek, iki \u00fclke aras\u0131ndaki ili\u015fkiler hakk\u0131nda bilgi verdi. Demokratikle\u015fme s\u00fcrecinde \u00fclkesinin \u00f6nemli ad\u0131mlar att\u0131\u011f\u0131n\u0131 belirten Kadirov, bu konuda kendilerine T\u00fcrkiye\u0092yi \u00f6rnek ald\u0131klar\u0131n\u0131 dile getirdi. Ayn\u0131 zamanda iki \u00fclke aras\u0131ndaki ekonomik ili\u015fkilerin de g\u00fc\u00e7lendirilmesi gerekti\u011fine dikkat \u00e7eken B\u00fcy\u00fckel\u00e7i Ulfat Kadirov, Ege B\u00f6lgesi\u0092nde tar\u0131m ve sanayinin birlikte geli\u015ferek geldi\u011fi noktan\u0131n \u00d6zbekistan i\u00e7in de model olu\u015fturdu\u011funu ifade etti. Kadirov \u00f6n\u00fcm\u00fczdeki g\u00fcnlerde T\u00fcrkiye\u0092den \u00d6zbekistan\u0092a kalabal\u0131k bir i\u015fadam\u0131 heyetinin gidece\u011fini dile getirdi ve B\u00fcy\u00fck\u015fehir Belediye Ba\u015fkan\u0131 Aziz Kocao\u011flu\u0092nun da bu ziyarete kat\u0131larak heyete ba\u015fkanl\u0131k yapmas\u0131n\u0131 istedi. \u0130zmir B\u00fcy\u00fck\u015fehir Belediye Ba\u015fkan\u0131 Aziz Kocao\u011flu ise iki \u00fclke aras\u0131nda k\u00f6kten ve \u00f6zden gelen g\u00f6n\u00fcl ba\u011f\u0131n\u0131n kar\u015f\u0131l\u0131kl\u0131 ili\u015fkileri g\u00fc\u00e7lendirme a\u00e7\u0131s\u0131ndan b\u00fcy\u00fck bir avantaj oldu\u011funu belirterek, \u0093\u0130ki karde\u015f \u00fclke olarak kalk\u0131nmam\u0131z\u0131 birbirimizi destekleyerek s\u00fcrd\u00fcrmeliyiz\u0094 dedi. Ba\u015fkan Kocao\u011flu B\u00fcy\u00fckel\u00e7i\u0092nin daveti i\u00e7in de te\u015fekk\u00fcr ederek, ko\u015fullar uygun oldu\u011fu takdirde \u00d6zbekistan\u0092\u0131 ziyaret edebilece\u011fini s\u00f6yledi.<h3>Related Images:<\/h3>","protected":false},"excerpt":{"rendered":"<div class=\"mh-excerpt\"><p>\u00d6zbekistan\u0092\u0131n Ankara B\u00fcy\u00fckel\u00e7isi Ulfat Kadirov, B\u00fcy\u00fck\u015fehir Belediye Ba\u015fkan\u0131 Aziz Kocao\u011flu\u0092nu ziyaret ederek, iki \u00fclke aras\u0131ndaki ili\u015fkiler hakk\u0131nda bilgi verdi. Demokratikle\u015fme s\u00fcrecinde \u00fclkesinin \u00f6nemli ad\u0131mlar att\u0131\u011f\u0131n\u0131 <a class=\"mh-excerpt-more\" href=\"https:\/\/kentyasam.com.tr\/wp\/2007\/08\/21\/ozbeklere-ege-modeli\/\" title=\"\u00d6zbeklere Ege modeli\">[&#8230;]<\/a><\/p>\n<\/div>","protected":false},"author":1,"featured_media":34121,"comment_status":"open","ping_status":"open","sticky":false,"template":"","format":"standard","meta":{"ngg_post_thumbnail":0,"footnotes":""},"categories":[1],"tags":[],"_links":{"self":[{"href":"https:\/\/kentyasam.com.tr\/wp\/wp-json\/wp\/v2\/posts\/9649"}],"collection":[{"href":"https:\/\/kentyasam.com.tr\/wp\/wp-json\/wp\/v2\/posts"}],"about":[{"href":"https:\/\/kentyasam.com.tr\/wp\/wp-json\/wp\/v2\/types\/post"}],"author":[{"embeddable":true,"href":"https:\/\/kentyasam.com.tr\/wp\/wp-json\/wp\/v2\/users\/1"}],"replies":[{"embeddable":true,"href":"https:\/\/kentyasam.com.tr\/wp\/wp-json\/wp\/v2\/comments?post=9649"}],"version-history":[{"count":0,"href":"https:\/\/kentyasam.com.tr\/wp\/wp-json\/wp\/v2\/posts\/9649\/revisions"}],"wp:featuredmedia":[{"embeddable":true,"href":"https:\/\/kentyasam.com.tr\/wp\/wp-json\/wp\/v2\/media\/34121"}],"wp:attachment":[{"href":"https:\/\/kentyasam.com.tr\/wp\/wp-json\/wp\/v2\/media?parent=9649"}],"wp:term":[{"taxonomy":"category","embeddable":true,"href":"https:\/\/kentyasam.com.tr\/wp\/wp-json\/wp\/v2\/categories?post=9649"},{"taxonomy":"post_tag","embeddable":true,"href":"https:\/\/kentyasam.com.tr\/wp\/wp-json\/wp\/v2\/tags?post=9649"}],"curies":[{"name":"wp","href":"https:\/\/api.w.org\/{rel}","templated":true}]}}