{"id":9554,"date":"2007-08-04T00:00:00","date_gmt":"2007-08-04T00:00:00","guid":{"rendered":"http:\/\/kentyasam.com.tr\/wp\/?p=9554"},"modified":"2007-08-04T00:00:00","modified_gmt":"2007-08-04T00:00:00","slug":"ismail-sivri-son-yolculuguna-alkislarla-ugurlandi","status":"publish","type":"post","link":"https:\/\/kentyasam.com.tr\/wp\/2007\/08\/04\/ismail-sivri-son-yolculuguna-alkislarla-ugurlandi\/","title":{"rendered":"\u0130smail Sivri son yolculu\u011funa alk\u0131\u015flarla u\u011furland\u0131"},"content":{"rendered":"Rahats\u0131zlanarak ya\u015fam\u0131n\u0131 yitiren \u0130zmir bas\u0131n\u0131n\u0131n duayeni, \u0130zmir Gazeteciler Cemiyeti Onursal Ba\u015fkan\u0131 \u0130smail Sivri son yolculu\u011funa alk\u0131\u015flar ve g\u00f6z ya\u015flar\u0131yla u\u011furland\u0131. Sivri i\u00e7in uzun y\u0131llar y\u00f6neticilik yapt\u0131\u011f\u0131 Milliyet Gazetesi ve \u0130zmir Gazeteciler Cemiyeti \u00f6n\u00fcnde birer t\u00f6ren d\u00fczenlendi. Milliyet Gazetesi Ege B\u00f6lge Temsilcisi B\u00fclent Zarif, \u0093Mesle\u011finde her zaman iyili\u011fi g\u00f6zetti. Uzun y\u0131lllar y\u00f6neticilik yapt\u0131\u011f\u0131 Milliyet Gazetesi Ege B\u00f6lge Temsilcili\u011fi, bundan b\u00f6yle de onun \u0131\u015f\u0131\u011f\u0131nda \u00e7al\u0131\u015fmaya devam edecektir\u0094 dedi. \u0130zmir Gazeteciler Cemiyeti Ba\u015fkan\u0131 Erol Ak\u0131nc\u0131lar, Sivri\u0092yi kaybetmekten duyduklar\u0131 \u00fcz\u00fcnt\u00fcy\u00fc dile getirerek, \u0093\u0130smail Sivri ho\u015fg\u00f6r\u00fc timsali, sevecen, y\u00fcrekli bir insand\u0131. \u0130yilik, vefa timsaliydi, ho\u015fg\u00f6r\u00fc onun hayat\u0131n\u0131n bir par\u00e7as\u0131yd\u0131&#8221; diye konu\u015ftu. \u0130zmir Valisi Cahit K\u0131ra\u00e7 da, \u0130zmir\u0092in \u00e7ok de\u011ferli bir kanaat \u00f6nderini yitirdi\u011fini belirterek, Sivri\u0092nin yerinin doldurulmayaca\u011f\u0131n\u0131 dile getirdi. \u0130zmir B\u00fcy\u00fck\u015fehir Belediye Ba\u015fkan\u0131 Aziz Kocao\u011flu ise \u0093Her zaman beyefendi, ho\u015fg\u00f6r\u00fcl\u00fc, insana de\u011fer veren bir a\u011fabeyimizdi. \u0130smail Sivri gibi insanlar\u0131n artmas\u0131n\u0131 diliyorum, yerinin doldurulmas\u0131 m\u00fcmk\u00fcn de\u011fil\u0094 dedi. Sivri&#8217;nin cenazesi, t\u00f6renlerden sonra g\u00f6t\u00fcr\u00fcld\u00fc\u011f\u00fc Alsancak Hocazade Camisi\u0092nde \u00f6\u011fle namaz\u0131ndan sonra k\u0131l\u0131nan cenaze namaz\u0131n\u0131n ard\u0131ndan Narl\u0131dere Yukar\u0131k\u00f6y Mezarl\u0131\u011f\u0131\u0092nda topra\u011fa verildi. (Foto\u011fraf : Turan G\u00fcltekin)<h3>Related Images:<\/h3>","protected":false},"excerpt":{"rendered":"<div class=\"mh-excerpt\"><p>Rahats\u0131zlanarak ya\u015fam\u0131n\u0131 yitiren \u0130zmir bas\u0131n\u0131n\u0131n duayeni, \u0130zmir Gazeteciler Cemiyeti Onursal Ba\u015fkan\u0131 \u0130smail Sivri son yolculu\u011funa alk\u0131\u015flar ve g\u00f6z ya\u015flar\u0131yla u\u011furland\u0131. Sivri i\u00e7in uzun y\u0131llar y\u00f6neticilik <a class=\"mh-excerpt-more\" href=\"https:\/\/kentyasam.com.tr\/wp\/2007\/08\/04\/ismail-sivri-son-yolculuguna-alkislarla-ugurlandi\/\" title=\"\u0130smail Sivri son yolculu\u011funa alk\u0131\u015flarla u\u011furland\u0131\">[&#8230;]<\/a><\/p>\n<\/div>","protected":false},"author":1,"featured_media":34037,"comment_status":"open","ping_status":"open","sticky":false,"template":"","format":"standard","meta":{"ngg_post_thumbnail":0,"footnotes":""},"categories":[1],"tags":[],"_links":{"self":[{"href":"https:\/\/kentyasam.com.tr\/wp\/wp-json\/wp\/v2\/posts\/9554"}],"collection":[{"href":"https:\/\/kentyasam.com.tr\/wp\/wp-json\/wp\/v2\/posts"}],"about":[{"href":"https:\/\/kentyasam.com.tr\/wp\/wp-json\/wp\/v2\/types\/post"}],"author":[{"embeddable":true,"href":"https:\/\/kentyasam.com.tr\/wp\/wp-json\/wp\/v2\/users\/1"}],"replies":[{"embeddable":true,"href":"https:\/\/kentyasam.com.tr\/wp\/wp-json\/wp\/v2\/comments?post=9554"}],"version-history":[{"count":0,"href":"https:\/\/kentyasam.com.tr\/wp\/wp-json\/wp\/v2\/posts\/9554\/revisions"}],"wp:featuredmedia":[{"embeddable":true,"href":"https:\/\/kentyasam.com.tr\/wp\/wp-json\/wp\/v2\/media\/34037"}],"wp:attachment":[{"href":"https:\/\/kentyasam.com.tr\/wp\/wp-json\/wp\/v2\/media?parent=9554"}],"wp:term":[{"taxonomy":"category","embeddable":true,"href":"https:\/\/kentyasam.com.tr\/wp\/wp-json\/wp\/v2\/categories?post=9554"},{"taxonomy":"post_tag","embeddable":true,"href":"https:\/\/kentyasam.com.tr\/wp\/wp-json\/wp\/v2\/tags?post=9554"}],"curies":[{"name":"wp","href":"https:\/\/api.w.org\/{rel}","templated":true}]}}