{"id":9542,"date":"2007-08-04T00:00:00","date_gmt":"2007-08-04T00:00:00","guid":{"rendered":"http:\/\/kentyasam.com.tr\/wp\/?p=9542"},"modified":"2007-08-04T00:00:00","modified_gmt":"2007-08-04T00:00:00","slug":"ieu-lu-genc-tasarimcilar-odule-doymuyor","status":"publish","type":"post","link":"https:\/\/kentyasam.com.tr\/wp\/2007\/08\/04\/ieu-lu-genc-tasarimcilar-odule-doymuyor\/","title":{"rendered":"\u0130E\u00dc&#8217;l\u00fc gen\u00e7 tasar\u0131mc\u0131lar \u00f6d\u00fcle doymuyor"},"content":{"rendered":"\u0130zmir Ekonomi \u00dcniversitesi \u00f6\u011frencileri akademik ba\u015far\u0131lar\u0131n\u0131n yan\u0131 s\u0131ra kat\u0131ld\u0131klar\u0131 yar\u0131\u015fmalarda ald\u0131klar\u0131 \u00f6d\u00fcllerle de adlar\u0131ndan s\u00f6z ettiriyor. G\u00fczel Sanatlar ve Tasar\u0131m Fak\u00fcltesi Moda Tasar\u0131m\u0131 B\u00f6l\u00fcm\u00fc ikinci s\u0131n\u0131f \u00f6\u011frencisi Ceyla B\u00fcy\u00fcksara\u00e7, Madame Figaro ve Park Bravo taraf\u0131ndan \u00e7\u00f6lle\u015fme ve erozyon ile m\u00fccadele i\u00e7in d\u00fczenlenen &#8220;Hot Shirt&#8221; Tasar\u0131m Yar\u0131\u015fmas\u0131\u0092nda ikincilik \u00f6d\u00fcl\u00fcne lay\u0131k g\u00f6r\u00fcld\u00fc. B\u00fcy\u00fcksara\u00e7\u0092a \u00f6d\u00fcl olarak TEMA taraf\u0131ndan ad\u0131na dikilecek 50 fidan ve bir ay boyunca Park Bravo Tasar\u0131m Departman\u0131\u0092nda tasar\u0131mc\u0131lar ile \u00e7al\u0131\u015fma f\u0131rsat\u0131 verildi. Grafik Tasar\u0131m\u0131 B\u00f6l\u00fcm\u00fc\u0092nden y\u00fcksek \u015feref \u00f6\u011frencisi ve b\u00f6l\u00fcm birincisi olarak mezun olan Seyran \u00d6zt\u00fcrk de, \u00f6zel ka\u011f\u0131t markas\u0131 Conqueror taraf\u0131ndan bu sene \u00fc\u00e7\u00fcnc\u00fcs\u00fc ger\u00e7ekle\u015ftirilen Kartpostal Tasar\u0131m Yar\u0131\u015fmas\u0131\u0092nda profesyonel kategoride  \u0093J\u00fcri \u00d6zel \u00d6d\u00fcl\u00fc\u0094 ald\u0131. \u00d6zt\u00fcrk\u0092\u00fcn Eski M\u0131s\u0131r hiyerogliflerinden ve papir\u00fcslerden etkilenerek haz\u0131rlad\u0131\u011f\u0131 tasar\u0131m\u0131 UNICEF kartlar\u0131nda kullan\u0131lacak.<h3>Related Images:<\/h3>","protected":false},"excerpt":{"rendered":"<div class=\"mh-excerpt\"><p>\u0130zmir Ekonomi \u00dcniversitesi \u00f6\u011frencileri akademik ba\u015far\u0131lar\u0131n\u0131n yan\u0131 s\u0131ra kat\u0131ld\u0131klar\u0131 yar\u0131\u015fmalarda ald\u0131klar\u0131 \u00f6d\u00fcllerle de adlar\u0131ndan s\u00f6z ettiriyor. G\u00fczel Sanatlar ve Tasar\u0131m Fak\u00fcltesi Moda Tasar\u0131m\u0131 B\u00f6l\u00fcm\u00fc ikinci <a class=\"mh-excerpt-more\" href=\"https:\/\/kentyasam.com.tr\/wp\/2007\/08\/04\/ieu-lu-genc-tasarimcilar-odule-doymuyor\/\" title=\"\u0130E\u00dc&#8217;l\u00fc gen\u00e7 tasar\u0131mc\u0131lar \u00f6d\u00fcle doymuyor\">[&#8230;]<\/a><\/p>\n<\/div>","protected":false},"author":1,"featured_media":34025,"comment_status":"open","ping_status":"open","sticky":false,"template":"","format":"standard","meta":{"ngg_post_thumbnail":0,"footnotes":""},"categories":[1],"tags":[],"_links":{"self":[{"href":"https:\/\/kentyasam.com.tr\/wp\/wp-json\/wp\/v2\/posts\/9542"}],"collection":[{"href":"https:\/\/kentyasam.com.tr\/wp\/wp-json\/wp\/v2\/posts"}],"about":[{"href":"https:\/\/kentyasam.com.tr\/wp\/wp-json\/wp\/v2\/types\/post"}],"author":[{"embeddable":true,"href":"https:\/\/kentyasam.com.tr\/wp\/wp-json\/wp\/v2\/users\/1"}],"replies":[{"embeddable":true,"href":"https:\/\/kentyasam.com.tr\/wp\/wp-json\/wp\/v2\/comments?post=9542"}],"version-history":[{"count":0,"href":"https:\/\/kentyasam.com.tr\/wp\/wp-json\/wp\/v2\/posts\/9542\/revisions"}],"wp:featuredmedia":[{"embeddable":true,"href":"https:\/\/kentyasam.com.tr\/wp\/wp-json\/wp\/v2\/media\/34025"}],"wp:attachment":[{"href":"https:\/\/kentyasam.com.tr\/wp\/wp-json\/wp\/v2\/media?parent=9542"}],"wp:term":[{"taxonomy":"category","embeddable":true,"href":"https:\/\/kentyasam.com.tr\/wp\/wp-json\/wp\/v2\/categories?post=9542"},{"taxonomy":"post_tag","embeddable":true,"href":"https:\/\/kentyasam.com.tr\/wp\/wp-json\/wp\/v2\/tags?post=9542"}],"curies":[{"name":"wp","href":"https:\/\/api.w.org\/{rel}","templated":true}]}}