{"id":9533,"date":"2007-08-03T00:00:00","date_gmt":"2007-08-03T00:00:00","guid":{"rendered":"http:\/\/kentyasam.com.tr\/wp\/?p=9533"},"modified":"2007-08-03T00:00:00","modified_gmt":"2007-08-03T00:00:00","slug":"duayen-gazeteci-ismail-sivri-yasama-veda-etti","status":"publish","type":"post","link":"https:\/\/kentyasam.com.tr\/wp\/2007\/08\/03\/duayen-gazeteci-ismail-sivri-yasama-veda-etti\/","title":{"rendered":"Duayen gazeteci \u0130smail Sivri ya\u015fama veda etti"},"content":{"rendered":"\u0130zmir bas\u0131n\u0131n\u0131n duayenlerinden, \u0130zmir Gazeteciler Cemiyeti Onursal Ba\u015fkan\u0131 \u0130smail Sivri rahats\u0131zl\u0131\u011f\u0131 sonucu bu gece ya\u015fama veda etti&#8230; 1927 y\u0131l\u0131nda Manisa K\u0131rka\u011fa\u00e7&#8217;ta do\u011fan \u0130smail Sivri \u0130stanbul \u00dcniversitesi Edebiyat Fak\u00fcltesi T\u00fcrk Dili ve Edebiyat\u0131 B\u00f6l\u00fcm\u00fc&#8221;n\u00fc bitirdi. Gazetecili\u011fe 1951 y\u0131l\u0131nda  \u0130stanbul&#8217;da Yeni Sabah Gazetesi&#8217;nde muhabir olarak ba\u015flayan \u0130smail Sivri, 1960 y\u0131l\u0131na kadar D\u00fcnya, Son Telgraf, Vatan, Terc\u00fcman ve Havadis gazetelerinde \u00e7al\u0131\u015ft\u0131. 1960 y\u0131l\u0131nda Milliyet&#8217;in \u0130zmir temsilcili\u011fini \u00fcstlenen Sivri, yirmi y\u0131l bu g\u00f6revi y\u00fcr\u00fctt\u00fckten sonra emekliye ayr\u0131ld\u0131. T\u00fcrkiye Gazeteciler Sendikas\u0131 \u0130zmir \u015eubesi Ba\u015fkanl\u0131\u011f\u0131 yapan \u0130smail Sivri, Ege \u00dcniversitesi Gazetecilik Y\u00fcksek Okulu&#8217;nda \u00f6\u011fretim g\u00f6revlisi olarak \u00e7al\u0131\u015ft\u0131. &#8220;Ye\u015fil Pancurlu Ev&#8221;, &#8220;Kar\u0131nca Dostlar\u0131&#8221;, &#8220;Y\u00fcrekli Kaplumba\u011fa&#8221;, &#8220;Atat\u00fcrk \u00c7ocuklar\u0131 \u00c7ok Severdi&#8221;, &#8220;Atat\u00fcrk Tarihi&#8221; adl\u0131 kitaplar\u0131 yazan \u0130smail Sivri&#8217;nin \u00e7e\u015fitli gazete ve dergilerde makale, r\u00f6portaj ve ara\u015ft\u0131rma yaz\u0131lar\u0131 yay\u0131mland\u0131. Uzun s\u00fcredir rahats\u0131z olan Sivri evli ve iki \u00e7ocuk babas\u0131yd\u0131. <h3>Related Images:<\/h3>","protected":false},"excerpt":{"rendered":"<div class=\"mh-excerpt\"><p>\u0130zmir bas\u0131n\u0131n\u0131n duayenlerinden, \u0130zmir Gazeteciler Cemiyeti Onursal Ba\u015fkan\u0131 \u0130smail Sivri rahats\u0131zl\u0131\u011f\u0131 sonucu bu gece ya\u015fama veda etti&#8230; 1927 y\u0131l\u0131nda Manisa K\u0131rka\u011fa\u00e7&#8217;ta do\u011fan \u0130smail Sivri \u0130stanbul <a class=\"mh-excerpt-more\" href=\"https:\/\/kentyasam.com.tr\/wp\/2007\/08\/03\/duayen-gazeteci-ismail-sivri-yasama-veda-etti\/\" title=\"Duayen gazeteci \u0130smail Sivri ya\u015fama veda etti\">[&#8230;]<\/a><\/p>\n<\/div>","protected":false},"author":1,"featured_media":0,"comment_status":"open","ping_status":"open","sticky":false,"template":"","format":"standard","meta":{"ngg_post_thumbnail":0,"footnotes":""},"categories":[1],"tags":[],"_links":{"self":[{"href":"https:\/\/kentyasam.com.tr\/wp\/wp-json\/wp\/v2\/posts\/9533"}],"collection":[{"href":"https:\/\/kentyasam.com.tr\/wp\/wp-json\/wp\/v2\/posts"}],"about":[{"href":"https:\/\/kentyasam.com.tr\/wp\/wp-json\/wp\/v2\/types\/post"}],"author":[{"embeddable":true,"href":"https:\/\/kentyasam.com.tr\/wp\/wp-json\/wp\/v2\/users\/1"}],"replies":[{"embeddable":true,"href":"https:\/\/kentyasam.com.tr\/wp\/wp-json\/wp\/v2\/comments?post=9533"}],"version-history":[{"count":0,"href":"https:\/\/kentyasam.com.tr\/wp\/wp-json\/wp\/v2\/posts\/9533\/revisions"}],"wp:attachment":[{"href":"https:\/\/kentyasam.com.tr\/wp\/wp-json\/wp\/v2\/media?parent=9533"}],"wp:term":[{"taxonomy":"category","embeddable":true,"href":"https:\/\/kentyasam.com.tr\/wp\/wp-json\/wp\/v2\/categories?post=9533"},{"taxonomy":"post_tag","embeddable":true,"href":"https:\/\/kentyasam.com.tr\/wp\/wp-json\/wp\/v2\/tags?post=9533"}],"curies":[{"name":"wp","href":"https:\/\/api.w.org\/{rel}","templated":true}]}}