{"id":9519,"date":"2007-08-01T00:00:00","date_gmt":"2007-08-01T00:00:00","guid":{"rendered":"http:\/\/kentyasam.com.tr\/wp\/?p=9519"},"modified":"2007-08-01T00:00:00","modified_gmt":"2007-08-01T00:00:00","slug":"aiesec-95-ulkeden-150-konugu-agirlayacak","status":"publish","type":"post","link":"https:\/\/kentyasam.com.tr\/wp\/2007\/08\/01\/aiesec-95-ulkeden-150-konugu-agirlayacak\/","title":{"rendered":"AIESEC 95 \u00fclkeden 150 konu\u011fu a\u011f\u0131rlayacak"},"content":{"rendered":"AIESEC, T\u00fcrkiye \u015fubeleri taraf\u0131ndan d\u00fczenlen a\u011f\u0131rlama turlar\u0131n\u0131 s\u00fcrd\u00fcr\u00fcyor. Her y\u0131l geleneksel olarak d\u00fczenledi\u011fi Mavi Ege Turu&#8217;na bir yenisini eklemeye haz\u0131rlanan AIESEC \u0130zmir \u015fubesi, 3 &#8211; 5 A\u011fustos g\u00fcnleri aras\u0131 Efes Antik Kenti&#8217;nden ba\u015flayarak Marmaris&#8217;te son bulacak yeni bir tura ev sahipli\u011fi yapacak. Tura 95 \u00fclkeden 150 \u00fcniversite \u00f6\u011frencisinin kat\u0131laca\u011f\u0131n\u0131 belirten d\u00fczenleme komitesi ba\u015fkan\u0131 Ertan \u00d6z\u00e7elik, &#8220;D\u00fczenleyece\u011fimiz tur, \u00fclkemizin tan\u0131n\u0131rl\u0131\u011f\u0131n\u0131 art\u0131racak. Yabanc\u0131 \u00f6\u011frenciler \u00fclkemizi en iyi ve do\u011fru \u015fekilde tan\u0131yacaklar. B\u00f6ylece T\u00fcrk k\u00fclt\u00fcr\u00fc hakk\u0131nda bilgi sahibi olacaklar&#8221; dedi. Turlar\u0131n en b\u00fcy\u00fck amac\u0131 olarak, yabanc\u0131 \u00fclkelerden gelen stajerlerin \u00fclkemize adapte olmalar\u0131n\u0131 sa\u011flamak oldu\u011funa dikkat \u00e7eken \u00d6z\u00e7elik, ayn\u0131 zamanda turlar\u0131n motivasyonu art\u0131rarak k\u00fclt\u00fcrleraras\u0131 etkile\u015fimi sa\u011flayaca\u011f\u0131n\u0131n alt\u0131n\u0131 \u00e7izdi. (Ege Ajans)<h3>Related Images:<\/h3>","protected":false},"excerpt":{"rendered":"<div class=\"mh-excerpt\"><p>AIESEC, T\u00fcrkiye \u015fubeleri taraf\u0131ndan d\u00fczenlen a\u011f\u0131rlama turlar\u0131n\u0131 s\u00fcrd\u00fcr\u00fcyor. Her y\u0131l geleneksel olarak d\u00fczenledi\u011fi Mavi Ege Turu&#8217;na bir yenisini eklemeye haz\u0131rlanan AIESEC \u0130zmir \u015fubesi, 3 &#8211; <a class=\"mh-excerpt-more\" href=\"https:\/\/kentyasam.com.tr\/wp\/2007\/08\/01\/aiesec-95-ulkeden-150-konugu-agirlayacak\/\" title=\"AIESEC 95 \u00fclkeden 150 konu\u011fu a\u011f\u0131rlayacak\">[&#8230;]<\/a><\/p>\n<\/div>","protected":false},"author":1,"featured_media":0,"comment_status":"open","ping_status":"open","sticky":false,"template":"","format":"standard","meta":{"ngg_post_thumbnail":0,"footnotes":""},"categories":[1],"tags":[],"_links":{"self":[{"href":"https:\/\/kentyasam.com.tr\/wp\/wp-json\/wp\/v2\/posts\/9519"}],"collection":[{"href":"https:\/\/kentyasam.com.tr\/wp\/wp-json\/wp\/v2\/posts"}],"about":[{"href":"https:\/\/kentyasam.com.tr\/wp\/wp-json\/wp\/v2\/types\/post"}],"author":[{"embeddable":true,"href":"https:\/\/kentyasam.com.tr\/wp\/wp-json\/wp\/v2\/users\/1"}],"replies":[{"embeddable":true,"href":"https:\/\/kentyasam.com.tr\/wp\/wp-json\/wp\/v2\/comments?post=9519"}],"version-history":[{"count":0,"href":"https:\/\/kentyasam.com.tr\/wp\/wp-json\/wp\/v2\/posts\/9519\/revisions"}],"wp:attachment":[{"href":"https:\/\/kentyasam.com.tr\/wp\/wp-json\/wp\/v2\/media?parent=9519"}],"wp:term":[{"taxonomy":"category","embeddable":true,"href":"https:\/\/kentyasam.com.tr\/wp\/wp-json\/wp\/v2\/categories?post=9519"},{"taxonomy":"post_tag","embeddable":true,"href":"https:\/\/kentyasam.com.tr\/wp\/wp-json\/wp\/v2\/tags?post=9519"}],"curies":[{"name":"wp","href":"https:\/\/api.w.org\/{rel}","templated":true}]}}