{"id":9494,"date":"2007-07-28T00:00:00","date_gmt":"2007-07-28T00:00:00","guid":{"rendered":"http:\/\/kentyasam.com.tr\/wp\/?p=9494"},"modified":"2007-07-28T00:00:00","modified_gmt":"2007-07-28T00:00:00","slug":"elektrik-kesintileri-sanayiyi-olumsuz-etkiliyor","status":"publish","type":"post","link":"https:\/\/kentyasam.com.tr\/wp\/2007\/07\/28\/elektrik-kesintileri-sanayiyi-olumsuz-etkiliyor\/","title":{"rendered":"Elektrik kesintileri sanayiyi olumsuz etkiliyor"},"content":{"rendered":"Yaz aylar\u0131n\u0131n ba\u015f\u0131ndan bu yana s\u0131k s\u0131k ya\u015fanan elektrik kesintilerinin sanayiyi olumsuz etkiledi\u011fini s\u00f6yleyen Ege B\u00f6lgesi Sanayi Odas\u0131 Y\u00f6netim Kurulu Ba\u015fkan\u0131 Tamer Ta\u015fk\u0131n, gerekli \u00f6nlemler al\u0131nmazsa saniyide \u00fcretimin h\u0131zla d\u00fc\u015fece\u011fini s\u00f6yledi. Sanayicinin elektrik kesintilerine tahamm\u00fcl\u00fc olmad\u0131\u011f\u0131n\u0131 vurgulayan Ta\u015fk\u0131n son g\u00fcnlerde s\u0131k s\u0131k \u0130zmir, Ayd\u0131n, At\u00e7a ve Nazilli\u0092de ger\u00e7ekle\u015fen kesintilere dikkat \u00e7ekti. Yaz aylar\u0131na girilmesiyle birlikte \u00f6zellikle klima kullan\u0131m\u0131n\u0131n artmas\u0131 nedeniyle trafolar\u0131n yetersiz kald\u0131\u011f\u0131n\u0131 belirten Ta\u015fk\u0131n, \u0093Elektrik kesintilerine bir \u00e7\u00f6z\u00fcm getirilemezse sanayi zora girer. Evlerde yap\u0131lacak kesintilerle denge sa\u011flanabilir ama sanayinin elektri\u011fi asla kesilmemelidir. Otomatik makineler, ka\u011f\u0131t sekt\u00f6r\u00fc, plastik sekt\u00f6r\u00fc, demir \u00e7elik sekt\u00f6r\u00fc asla kesintiye gelebilecek sekt\u00f6rler de\u011fildir. Hele g\u0131da sekt\u00f6r\u00fc hi\u00e7 de\u011fildir. \u00dcretimin tamamen bozulmas\u0131 tehlikesi vard\u0131r. \u00dcretimin olmamas\u0131 istihad\u0131m\u0131 da etkiler.\u0094 diye konu\u015ftu. Ta\u015fk\u0131n elektrik konusunda tedbirler al\u0131n\u0131rken ge\u00e7mi\u015fte yap\u0131lan hatalar\u0131n tekrarlanmamas\u0131 gerekti\u011fine de dikkat \u00e7ekerek, \u0093Ge\u00e7mi\u015fte yap\u0131lan hatalar\u0131n s\u0131k\u0131nt\u0131s\u0131n\u0131 bug\u00fcn \u00e7ekmekteyiz. Elektrikle ilgili yat\u0131r\u0131mlar yap\u0131l\u0131rken sadece bug\u00fcn i\u00e7in ge\u00e7ici tedbirler al\u0131nmamal\u0131, gelecek de d\u00fc\u015f\u00fcn\u00fclerek hareket edilmelidir.\u0094 diye konu\u015ftu.<h3>Related Images:<\/h3>","protected":false},"excerpt":{"rendered":"<div class=\"mh-excerpt\"><p>Yaz aylar\u0131n\u0131n ba\u015f\u0131ndan bu yana s\u0131k s\u0131k ya\u015fanan elektrik kesintilerinin sanayiyi olumsuz etkiledi\u011fini s\u00f6yleyen Ege B\u00f6lgesi Sanayi Odas\u0131 Y\u00f6netim Kurulu Ba\u015fkan\u0131 Tamer Ta\u015fk\u0131n, gerekli \u00f6nlemler <a class=\"mh-excerpt-more\" href=\"https:\/\/kentyasam.com.tr\/wp\/2007\/07\/28\/elektrik-kesintileri-sanayiyi-olumsuz-etkiliyor\/\" title=\"Elektrik kesintileri sanayiyi olumsuz etkiliyor\">[&#8230;]<\/a><\/p>\n<\/div>","protected":false},"author":1,"featured_media":33985,"comment_status":"open","ping_status":"open","sticky":false,"template":"","format":"standard","meta":{"ngg_post_thumbnail":0,"footnotes":""},"categories":[1],"tags":[],"_links":{"self":[{"href":"https:\/\/kentyasam.com.tr\/wp\/wp-json\/wp\/v2\/posts\/9494"}],"collection":[{"href":"https:\/\/kentyasam.com.tr\/wp\/wp-json\/wp\/v2\/posts"}],"about":[{"href":"https:\/\/kentyasam.com.tr\/wp\/wp-json\/wp\/v2\/types\/post"}],"author":[{"embeddable":true,"href":"https:\/\/kentyasam.com.tr\/wp\/wp-json\/wp\/v2\/users\/1"}],"replies":[{"embeddable":true,"href":"https:\/\/kentyasam.com.tr\/wp\/wp-json\/wp\/v2\/comments?post=9494"}],"version-history":[{"count":0,"href":"https:\/\/kentyasam.com.tr\/wp\/wp-json\/wp\/v2\/posts\/9494\/revisions"}],"wp:featuredmedia":[{"embeddable":true,"href":"https:\/\/kentyasam.com.tr\/wp\/wp-json\/wp\/v2\/media\/33985"}],"wp:attachment":[{"href":"https:\/\/kentyasam.com.tr\/wp\/wp-json\/wp\/v2\/media?parent=9494"}],"wp:term":[{"taxonomy":"category","embeddable":true,"href":"https:\/\/kentyasam.com.tr\/wp\/wp-json\/wp\/v2\/categories?post=9494"},{"taxonomy":"post_tag","embeddable":true,"href":"https:\/\/kentyasam.com.tr\/wp\/wp-json\/wp\/v2\/tags?post=9494"}],"curies":[{"name":"wp","href":"https:\/\/api.w.org\/{rel}","templated":true}]}}