{"id":9465,"date":"2007-07-23T00:00:00","date_gmt":"2007-07-23T00:00:00","guid":{"rendered":"http:\/\/kentyasam.com.tr\/wp\/?p=9465"},"modified":"2007-07-23T00:00:00","modified_gmt":"2007-07-23T00:00:00","slug":"cigli-belediyesi-nden-ucretsiz-yaz-okulu","status":"publish","type":"post","link":"https:\/\/kentyasam.com.tr\/wp\/2007\/07\/23\/cigli-belediyesi-nden-ucretsiz-yaz-okulu\/","title":{"rendered":"\u00c7i\u011fli Belediyesi&#8217;nden \u00fccretsiz yaz okulu"},"content":{"rendered":"\u00c7i\u011fli Belediyesi\u0092nin yaz spor okulu belediye binas\u0131 \u00f6n\u00fcnde d\u00fczenlenen t\u00f6renle a\u00e7\u0131ld\u0131. T\u00f6rene \u00f6\u011frenciler aileleriyle birlikte kat\u0131l\u0131rken, meclis \u00fcyeleri ve spor kul\u00fcb\u00fc y\u00f6neticileri de t\u00f6rende haz\u0131r bulundu. \u00dc\u00e7 y\u0131ldan beri devam eden yaz spor okullar\u0131nda \u00f6\u011frencilerden forma, \u00e7anta, tozluk, \u00e7orap gibi malzemeler ile servislerden \u00fccret al\u0131nm\u0131yor. Yaz spor okuna futbol, basketbol, tekvando ve jimnastik bran\u015flar\u0131nda 6- 15 ya\u015f gurubundaki \u00e7ocuklar kabul ediliyor. Bu y\u0131l 750 \u00f6\u011frenci yaz spor okuluna kay\u0131t yapt\u0131rd\u0131. \u00c7i\u011fli Belediye Ba\u015fkan\u0131 Ensari Bulut, kitle sporlar\u0131na \u00f6nem verdi\u011fini belirterek \u00f6zellikle gen\u00e7lerin sporla ilgilenmelerini istediklerini s\u00f6yleyerek, \u0093\u00c7ocuklar\u0131m\u0131z ve gen\u00e7lerimizin sporla daha yak\u0131ndan ilgilenmelerini istiyoruz. Her ge\u00e7en g\u00fcn spor yapan gen\u00e7lerimizin say\u0131s\u0131n\u0131 art\u0131yoruz. Her t\u00fcrl\u00fc masraf\u0131 belediye olarak biz kar\u015f\u0131l\u0131yoruz. T\u00fcm \u00c7i\u011flilileri \u00e7ocuklar\u0131n\u0131 yaz spor okuluna g\u00f6ndermeye \u00e7a\u011f\u0131r\u0131yorum.\u0094 dedi.<h3>Related Images:<\/h3>","protected":false},"excerpt":{"rendered":"<div class=\"mh-excerpt\"><p>\u00c7i\u011fli Belediyesi\u0092nin yaz spor okulu belediye binas\u0131 \u00f6n\u00fcnde d\u00fczenlenen t\u00f6renle a\u00e7\u0131ld\u0131. T\u00f6rene \u00f6\u011frenciler aileleriyle birlikte kat\u0131l\u0131rken, meclis \u00fcyeleri ve spor kul\u00fcb\u00fc y\u00f6neticileri de t\u00f6rende haz\u0131r <a class=\"mh-excerpt-more\" href=\"https:\/\/kentyasam.com.tr\/wp\/2007\/07\/23\/cigli-belediyesi-nden-ucretsiz-yaz-okulu\/\" title=\"\u00c7i\u011fli Belediyesi&#8217;nden \u00fccretsiz yaz okulu\">[&#8230;]<\/a><\/p>\n<\/div>","protected":false},"author":1,"featured_media":33959,"comment_status":"open","ping_status":"open","sticky":false,"template":"","format":"standard","meta":{"ngg_post_thumbnail":0,"footnotes":""},"categories":[1],"tags":[],"_links":{"self":[{"href":"https:\/\/kentyasam.com.tr\/wp\/wp-json\/wp\/v2\/posts\/9465"}],"collection":[{"href":"https:\/\/kentyasam.com.tr\/wp\/wp-json\/wp\/v2\/posts"}],"about":[{"href":"https:\/\/kentyasam.com.tr\/wp\/wp-json\/wp\/v2\/types\/post"}],"author":[{"embeddable":true,"href":"https:\/\/kentyasam.com.tr\/wp\/wp-json\/wp\/v2\/users\/1"}],"replies":[{"embeddable":true,"href":"https:\/\/kentyasam.com.tr\/wp\/wp-json\/wp\/v2\/comments?post=9465"}],"version-history":[{"count":0,"href":"https:\/\/kentyasam.com.tr\/wp\/wp-json\/wp\/v2\/posts\/9465\/revisions"}],"wp:featuredmedia":[{"embeddable":true,"href":"https:\/\/kentyasam.com.tr\/wp\/wp-json\/wp\/v2\/media\/33959"}],"wp:attachment":[{"href":"https:\/\/kentyasam.com.tr\/wp\/wp-json\/wp\/v2\/media?parent=9465"}],"wp:term":[{"taxonomy":"category","embeddable":true,"href":"https:\/\/kentyasam.com.tr\/wp\/wp-json\/wp\/v2\/categories?post=9465"},{"taxonomy":"post_tag","embeddable":true,"href":"https:\/\/kentyasam.com.tr\/wp\/wp-json\/wp\/v2\/tags?post=9465"}],"curies":[{"name":"wp","href":"https:\/\/api.w.org\/{rel}","templated":true}]}}