{"id":9434,"date":"2007-07-20T00:00:00","date_gmt":"2007-07-20T00:00:00","guid":{"rendered":"http:\/\/kentyasam.com.tr\/wp\/?p=9434"},"modified":"2007-07-20T00:00:00","modified_gmt":"2007-07-20T00:00:00","slug":"orman-yanginlarina-gereken-onem-verilmiyor","status":"publish","type":"post","link":"https:\/\/kentyasam.com.tr\/wp\/2007\/07\/20\/orman-yanginlarina-gereken-onem-verilmiyor\/","title":{"rendered":"Orman yang\u0131nlar\u0131na gereken \u00f6nem verilmiyor"},"content":{"rendered":"Artan orman yang\u0131nlar\u0131na dikkat \u00e7eken TMMOB Peyzaj Mimarlar\u0131 Odas\u0131 \u0130zmir \u015eubesi Ba\u015fkan\u0131 Prof. Erhan Vecdi K\u00fc\u00e7\u00fckerba\u015f, yapt\u0131\u011f\u0131 yaz\u0131l\u0131 a\u00e7\u0131klamada meslek odalar\u0131, sendikalar, \u00fcniversiteler, demokratik kitle \u00f6rg\u00fctleri, siyasi partiler ve kamuoyuna \u00e7a\u011fr\u0131 yapt\u0131. \u0093Iki haftad\u0131r \u00fclkenin d\u00f6rtbir yan\u0131nda s\u00fcren orman yang\u0131nlar\u0131yla kavruluyoruz\u0094 diyen Prof. K\u00fc\u00e7\u00fckerba\u015f, \u0093H\u00fck\u00fcmetin sorumlu bakan\u0131 Say\u0131n Osman Pepe ise Kocaeli\u0092nde bir kahvalt\u0131 sofras\u0131nda \u0091Baz\u0131 hainler ormanlar\u0131m\u0131z\u0131 yak\u0131yor. En b\u00fcy\u00fck servetimiz olan ormanlara kastedenlere lanet olsun\u0092 diyor. Yani sadece hay\u0131flan\u0131yor.  Sadece s\u0131zlan\u0131yor ve lanet olsun demekle sorumluluklar\u0131ndan akland\u0131\u011f\u0131n\u0131 d\u00fc\u015f\u00fcn\u00fcyor. T\u00fcm vatanda\u015flar\u0131m\u0131za sesleniyoruz. H\u00fck\u00fcmet g\u00f6revini yerine getirmiyor. \u00dclkede alarm durumu verilmeli. Acil \u00f6nlemler al\u0131nmal\u0131. Se\u00e7imlerin arkas\u0131na s\u0131\u011f\u0131n\u0131lmamal\u0131.\u0094 dedi. Prof. K\u00fc\u00e7\u00fckerba\u015f, \u0093Yanan orman alanlar\u0131m\u0131z\u0131 tekrar kazanmak, rant pe\u015finde ko\u015fanlara bu \u00fclke topraklar\u0131nda servetlerine servet kazand\u0131rmayaca\u011f\u0131m\u0131z\u0131 hayk\u0131rman\u0131n ve birlikte hareket etmenin zaman\u0131d\u0131r.\u0094 diyerek herkesi g\u00f6reve \u00e7a\u011f\u0131rd\u0131. (Ege Ajans)<h3>Related Images:<\/h3>","protected":false},"excerpt":{"rendered":"<div class=\"mh-excerpt\"><p>Artan orman yang\u0131nlar\u0131na dikkat \u00e7eken TMMOB Peyzaj Mimarlar\u0131 Odas\u0131 \u0130zmir \u015eubesi Ba\u015fkan\u0131 Prof. Erhan Vecdi K\u00fc\u00e7\u00fckerba\u015f, yapt\u0131\u011f\u0131 yaz\u0131l\u0131 a\u00e7\u0131klamada meslek odalar\u0131, sendikalar, \u00fcniversiteler, demokratik kitle <a class=\"mh-excerpt-more\" href=\"https:\/\/kentyasam.com.tr\/wp\/2007\/07\/20\/orman-yanginlarina-gereken-onem-verilmiyor\/\" title=\"Orman yang\u0131nlar\u0131na gereken \u00f6nem verilmiyor\">[&#8230;]<\/a><\/p>\n<\/div>","protected":false},"author":1,"featured_media":33937,"comment_status":"open","ping_status":"open","sticky":false,"template":"","format":"standard","meta":{"ngg_post_thumbnail":0,"footnotes":""},"categories":[1],"tags":[],"_links":{"self":[{"href":"https:\/\/kentyasam.com.tr\/wp\/wp-json\/wp\/v2\/posts\/9434"}],"collection":[{"href":"https:\/\/kentyasam.com.tr\/wp\/wp-json\/wp\/v2\/posts"}],"about":[{"href":"https:\/\/kentyasam.com.tr\/wp\/wp-json\/wp\/v2\/types\/post"}],"author":[{"embeddable":true,"href":"https:\/\/kentyasam.com.tr\/wp\/wp-json\/wp\/v2\/users\/1"}],"replies":[{"embeddable":true,"href":"https:\/\/kentyasam.com.tr\/wp\/wp-json\/wp\/v2\/comments?post=9434"}],"version-history":[{"count":0,"href":"https:\/\/kentyasam.com.tr\/wp\/wp-json\/wp\/v2\/posts\/9434\/revisions"}],"wp:featuredmedia":[{"embeddable":true,"href":"https:\/\/kentyasam.com.tr\/wp\/wp-json\/wp\/v2\/media\/33937"}],"wp:attachment":[{"href":"https:\/\/kentyasam.com.tr\/wp\/wp-json\/wp\/v2\/media?parent=9434"}],"wp:term":[{"taxonomy":"category","embeddable":true,"href":"https:\/\/kentyasam.com.tr\/wp\/wp-json\/wp\/v2\/categories?post=9434"},{"taxonomy":"post_tag","embeddable":true,"href":"https:\/\/kentyasam.com.tr\/wp\/wp-json\/wp\/v2\/tags?post=9434"}],"curies":[{"name":"wp","href":"https:\/\/api.w.org\/{rel}","templated":true}]}}