{"id":9429,"date":"2007-07-19T00:00:00","date_gmt":"2007-07-19T00:00:00","guid":{"rendered":"http:\/\/kentyasam.com.tr\/wp\/?p=9429"},"modified":"2007-07-19T00:00:00","modified_gmt":"2007-07-19T00:00:00","slug":"izmir-e-katkida-bulunanlar-odullendirildi","status":"publish","type":"post","link":"https:\/\/kentyasam.com.tr\/wp\/2007\/07\/19\/izmir-e-katkida-bulunanlar-odullendirildi\/","title":{"rendered":"\u0093\u0130zmir&#8217;e Katk\u0131da Bulunanlar\u0094 \u00f6d\u00fcllendirildi"},"content":{"rendered":"\u0130zmir Sanayici \u0130\u015fadamlar\u0131 Derne\u011fi\u0092nin (\u0130ZS\u0130AD)verdi\u011fi \u0093\u0130zmir\u0092e Katk\u0131 \u00d6d\u00fclleri\u0094 sahiplerini buldu. Narl\u0131dere Keyif Restoran\u0092da ger\u00e7ekle\u015fen t\u00f6rende, \u0093Sivil Toplum \u00d6rg\u00fct\u00fc Hayat\u0131na Katk\u0131\u0094 \u00f6d\u00fcl\u00fc Ege Orman Vakf\u0131\u0092na, \u0093\u0130zmir \u0130\u015f Hayat\u0131na Katk\u0131\u0094 \u00d6d\u00fcl\u00fc de Dimes G\u0131da San. A\u015e\u0092ye verildi. Ege Orman Vakf\u0131 ad\u0131na Cem Bakio\u011flu\u0092na ve Dimes G\u0131da ad\u0131na da Ali R\u0131za Diren\u0092e ba\u015far\u0131 plaketlerini sunan \u0130zmir B\u00fcy\u00fck\u015fehir Belediye Ba\u015fkan\u0131 Aziz Kocao\u011flu, birlikteli\u011fin \u00f6nemine de\u011finerek, \u0093\u0130zmir, her bak\u0131mdan zengin, var\u0092lar\u0131 sonsuz olan bir kent. Sadece birlik- beraberlik-dayan\u0131\u015fma konusunda s\u0131k\u0131nt\u0131s\u0131 vard\u0131. Fakat sivil toplum \u00f6rg\u00fctleri, yerel y\u00f6netimler ve kurumlar\u0131m\u0131z\u0131n yo\u011fun \u00e7abalar\u0131yla bu dayan\u0131\u015fmay\u0131 sa\u011flamaya ba\u015flad\u0131k. \u0130zmir\u0092in \u00f6n\u00fcnde engel kalmad\u0131\u011f\u0131na inan\u0131yorum. Yeter ki, birbirimize s\u0131ms\u0131k\u0131 sar\u0131l\u0131p, yolumuza devam edelim.\u0094 diye konu\u015ftu. \u0093\u0130zmir\u0092e Katk\u0131 \u00d6d\u00fclleri\u0094nin d\u00f6rd\u00fcnc\u00fcs\u00fcn\u00fcn verildi\u011fini s\u00f6yleyen \u0130ZS\u0130AD Y\u00f6netim Kurulu Ba\u015fkan\u0131 \u0130lknur Denizli, \u0130zmir i\u00e7in, T\u00fcrkiye i\u00e7in \u00fcreten ve \u00e7al\u0131\u015fan kurumlar\u0131n hem \u00f6d\u00fcllendirilmesi hem de y\u00fcreklendirilmesi gerekti\u011fini s\u00f6yleyerek \u00e7a\u011fda\u015f, demokratik toplum hedefinde sivil toplum kurulu\u015flar\u0131na \u00f6nemli g\u00f6revler d\u00fc\u015ft\u00fc\u011f\u00fcne de\u011findi.<h3>Related Images:<\/h3>","protected":false},"excerpt":{"rendered":"<div class=\"mh-excerpt\"><p>\u0130zmir Sanayici \u0130\u015fadamlar\u0131 Derne\u011fi\u0092nin (\u0130ZS\u0130AD)verdi\u011fi \u0093\u0130zmir\u0092e Katk\u0131 \u00d6d\u00fclleri\u0094 sahiplerini buldu. Narl\u0131dere Keyif Restoran\u0092da ger\u00e7ekle\u015fen t\u00f6rende, \u0093Sivil Toplum \u00d6rg\u00fct\u00fc Hayat\u0131na Katk\u0131\u0094 \u00f6d\u00fcl\u00fc Ege Orman Vakf\u0131\u0092na, \u0093\u0130zmir <a class=\"mh-excerpt-more\" href=\"https:\/\/kentyasam.com.tr\/wp\/2007\/07\/19\/izmir-e-katkida-bulunanlar-odullendirildi\/\" title=\"\u0093\u0130zmir&#8217;e Katk\u0131da Bulunanlar\u0094 \u00f6d\u00fcllendirildi\">[&#8230;]<\/a><\/p>\n<\/div>","protected":false},"author":1,"featured_media":33932,"comment_status":"open","ping_status":"open","sticky":false,"template":"","format":"standard","meta":{"ngg_post_thumbnail":0,"footnotes":""},"categories":[1],"tags":[],"_links":{"self":[{"href":"https:\/\/kentyasam.com.tr\/wp\/wp-json\/wp\/v2\/posts\/9429"}],"collection":[{"href":"https:\/\/kentyasam.com.tr\/wp\/wp-json\/wp\/v2\/posts"}],"about":[{"href":"https:\/\/kentyasam.com.tr\/wp\/wp-json\/wp\/v2\/types\/post"}],"author":[{"embeddable":true,"href":"https:\/\/kentyasam.com.tr\/wp\/wp-json\/wp\/v2\/users\/1"}],"replies":[{"embeddable":true,"href":"https:\/\/kentyasam.com.tr\/wp\/wp-json\/wp\/v2\/comments?post=9429"}],"version-history":[{"count":0,"href":"https:\/\/kentyasam.com.tr\/wp\/wp-json\/wp\/v2\/posts\/9429\/revisions"}],"wp:featuredmedia":[{"embeddable":true,"href":"https:\/\/kentyasam.com.tr\/wp\/wp-json\/wp\/v2\/media\/33932"}],"wp:attachment":[{"href":"https:\/\/kentyasam.com.tr\/wp\/wp-json\/wp\/v2\/media?parent=9429"}],"wp:term":[{"taxonomy":"category","embeddable":true,"href":"https:\/\/kentyasam.com.tr\/wp\/wp-json\/wp\/v2\/categories?post=9429"},{"taxonomy":"post_tag","embeddable":true,"href":"https:\/\/kentyasam.com.tr\/wp\/wp-json\/wp\/v2\/tags?post=9429"}],"curies":[{"name":"wp","href":"https:\/\/api.w.org\/{rel}","templated":true}]}}