{"id":9426,"date":"2007-07-19T00:00:00","date_gmt":"2007-07-19T00:00:00","guid":{"rendered":"http:\/\/kentyasam.com.tr\/wp\/?p=9426"},"modified":"2007-07-19T00:00:00","modified_gmt":"2007-07-19T00:00:00","slug":"karsiyaka-belediyespor-dan-milli-takima-yedi-sporcu","status":"publish","type":"post","link":"https:\/\/kentyasam.com.tr\/wp\/2007\/07\/19\/karsiyaka-belediyespor-dan-milli-takima-yedi-sporcu\/","title":{"rendered":"Kar\u015f\u0131yaka Belediyespor&#8217;dan milli tak\u0131ma yedi sporcu"},"content":{"rendered":"Kar\u015f\u0131yaka Belediyespor atletizm tak\u0131m\u0131ndan yedi sporcu 2007 Balkan Oryantiring (Pusula ile y\u00f6n bulma) yar\u0131\u015fmalar\u0131 i\u00e7in milli tak\u0131ma \u00e7a\u011fr\u0131ld\u0131. Oryantiring Federasyonu taraf\u0131ndan Yozgat\u0092\u0131n Akda\u011fmadeni il\u00e7esinde ger\u00e7ekle\u015ftirilecek haz\u0131rl\u0131k kamp\u0131na \u00e7a\u011fr\u0131lan sporcular hocalar\u0131 Ahmet Erda\u011fl\u0131 y\u00f6netiminde Kar\u015f\u0131yaka Spor Kul\u00fcb\u00fc Kar\u015f\u0131yaka tesislerinde haz\u0131rlan\u0131yor. Haz\u0131rl\u0131klar\u0131 \u00e7ok iyi yaparak Milli Tak\u0131m formas\u0131yla mutlaka dereceye gireceklerine inand\u0131klar\u0131n\u0131 belirten sporcular, \u0093Bu y\u0131l i\u00e7erisinde de\u011fi\u015fik illerde ger\u00e7ekle\u015ftirilen yar\u0131\u015fmalarda iyi dereceler elde ettik. Milli tak\u0131ma \u00e7a\u011f\u0131r\u0131l\u0131nca heyecanland\u0131k. Ancak \u00e7ok iyi haz\u0131rlanarak \u00fclkemize madalya kazand\u0131rmak istiyoruz.\u0094 dedi.<h3>Related Images:<\/h3>","protected":false},"excerpt":{"rendered":"<div class=\"mh-excerpt\"><p>Kar\u015f\u0131yaka Belediyespor atletizm tak\u0131m\u0131ndan yedi sporcu 2007 Balkan Oryantiring (Pusula ile y\u00f6n bulma) yar\u0131\u015fmalar\u0131 i\u00e7in milli tak\u0131ma \u00e7a\u011fr\u0131ld\u0131. Oryantiring Federasyonu taraf\u0131ndan Yozgat\u0092\u0131n Akda\u011fmadeni il\u00e7esinde ger\u00e7ekle\u015ftirilecek <a class=\"mh-excerpt-more\" href=\"https:\/\/kentyasam.com.tr\/wp\/2007\/07\/19\/karsiyaka-belediyespor-dan-milli-takima-yedi-sporcu\/\" title=\"Kar\u015f\u0131yaka Belediyespor&#8217;dan milli tak\u0131ma yedi sporcu\">[&#8230;]<\/a><\/p>\n<\/div>","protected":false},"author":1,"featured_media":33929,"comment_status":"open","ping_status":"open","sticky":false,"template":"","format":"standard","meta":{"ngg_post_thumbnail":0,"footnotes":""},"categories":[1],"tags":[],"_links":{"self":[{"href":"https:\/\/kentyasam.com.tr\/wp\/wp-json\/wp\/v2\/posts\/9426"}],"collection":[{"href":"https:\/\/kentyasam.com.tr\/wp\/wp-json\/wp\/v2\/posts"}],"about":[{"href":"https:\/\/kentyasam.com.tr\/wp\/wp-json\/wp\/v2\/types\/post"}],"author":[{"embeddable":true,"href":"https:\/\/kentyasam.com.tr\/wp\/wp-json\/wp\/v2\/users\/1"}],"replies":[{"embeddable":true,"href":"https:\/\/kentyasam.com.tr\/wp\/wp-json\/wp\/v2\/comments?post=9426"}],"version-history":[{"count":0,"href":"https:\/\/kentyasam.com.tr\/wp\/wp-json\/wp\/v2\/posts\/9426\/revisions"}],"wp:featuredmedia":[{"embeddable":true,"href":"https:\/\/kentyasam.com.tr\/wp\/wp-json\/wp\/v2\/media\/33929"}],"wp:attachment":[{"href":"https:\/\/kentyasam.com.tr\/wp\/wp-json\/wp\/v2\/media?parent=9426"}],"wp:term":[{"taxonomy":"category","embeddable":true,"href":"https:\/\/kentyasam.com.tr\/wp\/wp-json\/wp\/v2\/categories?post=9426"},{"taxonomy":"post_tag","embeddable":true,"href":"https:\/\/kentyasam.com.tr\/wp\/wp-json\/wp\/v2\/tags?post=9426"}],"curies":[{"name":"wp","href":"https:\/\/api.w.org\/{rel}","templated":true}]}}