{"id":9354,"date":"2007-07-08T00:00:00","date_gmt":"2007-07-08T00:00:00","guid":{"rendered":"http:\/\/kentyasam.com.tr\/wp\/?p=9354"},"modified":"2007-07-08T00:00:00","modified_gmt":"2007-07-08T00:00:00","slug":"sivas-ta-katledilenler-narlidere-de-anildi","status":"publish","type":"post","link":"https:\/\/kentyasam.com.tr\/wp\/2007\/07\/08\/sivas-ta-katledilenler-narlidere-de-anildi\/","title":{"rendered":"Sivas&#8217;ta katledilenler Narl\u0131dere&#8217;de an\u0131ld\u0131"},"content":{"rendered":"2 Temmuz 1993 g\u00fcn\u00fc gericiler taraf\u0131ndan Sivas Mad\u0131mak Oteli\u0092nde yak\u0131lanlar, Narl\u0131dere\u0092de yap\u0131lan etkinlikte an\u0131ld\u0131. Narl\u0131dere Belediyesi ve Alevi Bekta\u015fi Dayan\u0131\u015fma Derne\u011fi Narl\u0131dere \u015eubesi taraf\u0131ndan ger\u00e7ekle\u015ftirilen anma etkinli\u011fine 1500&#8217;e yak\u0131n ki\u015fi izledi. Narl\u0131dere Belediyesi Piknik Alan\u0131 A\u00e7\u0131k Hava Tiyatrosu&#8217;nda yap\u0131lan anma etkinli\u011finde konu\u015fan Alevi Bekta\u015fi Dernekleri Federasyon Ba\u015fkan\u0131 Selahattin \u00d6zel, &#8220;\u0130nsanl\u0131k ay\u0131b\u0131 ya\u015fanan Sivas Mad\u0131mak Oteli&#8217;nin alt kat\u0131 kebap salonu yap\u0131ld\u0131. M\u00fcze yap\u0131lmas\u0131 gereken yerde, \u015fimdi oturup insanlar et yiyor&#8221; dedi. Narl\u0131dere Belediye Ba\u015fkan\u0131 Abd\u00fcl Batur ise &#8220;2 temmuzda Mad\u0131mak\u0092ta yak\u0131lan ayd\u0131nlar\u0131m\u0131z\u0131 anmak i\u00e7in Sivas\u0092tayd\u0131m. \u0130nsanl\u0131k ay\u0131b\u0131 ya\u015fanan yeri bizzat g\u00f6rd\u00fcm. Et yenilmek i\u00e7in restoran yap\u0131lan yeri de g\u00f6rd\u00fcm. \u0130nsanl\u0131\u011f\u0131mdan utand\u0131m. Ve \u015funa inand\u0131m ki, bu k\u00fclt\u00fcre, felsefeye daha \u00e7ok sahip \u00e7\u0131kmak gerekti\u011fine inan\u0131yorum\u0094 diye konu\u015ftu. Semah d\u00f6n\u00fclen gecede ayr\u0131ca \u00f6zg\u00fcn m\u00fczik sanat\u00e7\u0131s\u0131 Suavi konser verdi. Gecede, t\u00fcrk\u00fcler ve \u015fark\u0131lar Sivas\u0092ta yitirilenler i\u00e7in s\u00f6ylendi.<h3>Related Images:<\/h3>","protected":false},"excerpt":{"rendered":"<div class=\"mh-excerpt\"><p>2 Temmuz 1993 g\u00fcn\u00fc gericiler taraf\u0131ndan Sivas Mad\u0131mak Oteli\u0092nde yak\u0131lanlar, Narl\u0131dere\u0092de yap\u0131lan etkinlikte an\u0131ld\u0131. Narl\u0131dere Belediyesi ve Alevi Bekta\u015fi Dayan\u0131\u015fma Derne\u011fi Narl\u0131dere \u015eubesi taraf\u0131ndan ger\u00e7ekle\u015ftirilen <a class=\"mh-excerpt-more\" href=\"https:\/\/kentyasam.com.tr\/wp\/2007\/07\/08\/sivas-ta-katledilenler-narlidere-de-anildi\/\" title=\"Sivas&#8217;ta katledilenler Narl\u0131dere&#8217;de an\u0131ld\u0131\">[&#8230;]<\/a><\/p>\n<\/div>","protected":false},"author":1,"featured_media":33880,"comment_status":"open","ping_status":"open","sticky":false,"template":"","format":"standard","meta":{"ngg_post_thumbnail":0,"footnotes":""},"categories":[1],"tags":[],"_links":{"self":[{"href":"https:\/\/kentyasam.com.tr\/wp\/wp-json\/wp\/v2\/posts\/9354"}],"collection":[{"href":"https:\/\/kentyasam.com.tr\/wp\/wp-json\/wp\/v2\/posts"}],"about":[{"href":"https:\/\/kentyasam.com.tr\/wp\/wp-json\/wp\/v2\/types\/post"}],"author":[{"embeddable":true,"href":"https:\/\/kentyasam.com.tr\/wp\/wp-json\/wp\/v2\/users\/1"}],"replies":[{"embeddable":true,"href":"https:\/\/kentyasam.com.tr\/wp\/wp-json\/wp\/v2\/comments?post=9354"}],"version-history":[{"count":0,"href":"https:\/\/kentyasam.com.tr\/wp\/wp-json\/wp\/v2\/posts\/9354\/revisions"}],"wp:featuredmedia":[{"embeddable":true,"href":"https:\/\/kentyasam.com.tr\/wp\/wp-json\/wp\/v2\/media\/33880"}],"wp:attachment":[{"href":"https:\/\/kentyasam.com.tr\/wp\/wp-json\/wp\/v2\/media?parent=9354"}],"wp:term":[{"taxonomy":"category","embeddable":true,"href":"https:\/\/kentyasam.com.tr\/wp\/wp-json\/wp\/v2\/categories?post=9354"},{"taxonomy":"post_tag","embeddable":true,"href":"https:\/\/kentyasam.com.tr\/wp\/wp-json\/wp\/v2\/tags?post=9354"}],"curies":[{"name":"wp","href":"https:\/\/api.w.org\/{rel}","templated":true}]}}