{"id":9335,"date":"2007-07-06T00:00:00","date_gmt":"2007-07-06T00:00:00","guid":{"rendered":"http:\/\/kentyasam.com.tr\/wp\/?p=9335"},"modified":"2007-07-06T00:00:00","modified_gmt":"2007-07-06T00:00:00","slug":"ebelik-bolumu-altinci-donem-mezunlarini-ugurladi","status":"publish","type":"post","link":"https:\/\/kentyasam.com.tr\/wp\/2007\/07\/06\/ebelik-bolumu-altinci-donem-mezunlarini-ugurladi\/","title":{"rendered":"Ebelik b\u00f6l\u00fcm\u00fc alt\u0131nc\u0131 d\u00f6nem mezunlar\u0131n\u0131 u\u011furlad\u0131"},"content":{"rendered":"Ege \u00dcniversitesi \u0130zmir Atat\u00fcrk Sa\u011fl\u0131k Y\u00fcksekokulu Ebelik B\u00f6l\u00fcm\u00fc&#8217;n\u00fcn 6. d\u00f6nem mezuniyet t\u00f6reninde konu\u015fan Okul M\u00fcd\u00fcr\u00fc Prof. Dr. G\u00fcls\u00fcn \u00d6zent\u00fcrk, toplumsal kalk\u0131nman\u0131n temelinin insan kayna\u011f\u0131na ba\u011fl\u0131 oldu\u011funu s\u00f6yledi. E.\u00dc. Atat\u00fcrk K\u00fclt\u00fcr Merkezi&#8217;nde d\u00fczenlenen ve 50 \u00f6\u011frencinin mezun oldu\u011fu t\u00f6rende konu\u015fan Prof. Dr. \u00d6zent\u00fcrk, hem\u015firelik ve ebelik mesleklerinin ayr\u0131 ayr\u0131 de\u011ferlendirilmesi gerekti\u011fini belirterek, &#8220;D\u00fcnya Sa\u011fl\u0131k \u00d6rg\u00fct\u00fc de bu iki mesle\u011fi birbirinden farkl\u0131 olarak ele almakta, e\u011fitim programlar\u0131yla da bu ayr\u0131m\u0131 ortaya koymaktad\u0131r&#8221; diye konu\u015ftu. E.\u00dc. Rekt\u00f6r\u00fc Prof. Dr. \u00dclk\u00fc Bay\u0131nd\u0131r da Ege \u00dcniversitesi&#8217;nin sa\u011fl\u0131k ordusunun her kademesine eleman yeti\u015ftirdi\u011fini belirtti. Gen\u00e7lere seslenen Prof. Dr. Bay\u0131nd\u0131r, &#8220;T\u00fcrkiye \u00e7a\u011fda\u015f uygarl\u0131k d\u00fczeyini yakalam\u0131\u015ft\u0131r. Art\u0131k bu noktadan geri d\u00f6n\u00fc\u015f m\u00fcmk\u00fcn de\u011fil. \u00dclkemizin daha da ileri gitmesinde sizlere b\u00fcy\u00fck i\u015f d\u00fc\u015f\u00fcyor. Sizler mesle\u011finizi en iyi \u015fekilde icra ederken, \u00fclke sorunlar\u0131yla, siyasetle de ilgilenin. Derneklere ve sivil toplum kurulu\u015flar\u0131na \u00fcye olun&#8221; dedi. T\u00f6ren okulu ilk \u00fc\u00e7 dereceyle bitiren Meryem Oru\u00e7, Serpil \u00d6zkul ve Rabia Teke&#8217;ye plaketlerinin verilmesinin ard\u0131ndan mezuniyet belgelerinin da\u011f\u0131t\u0131lmas\u0131 ile sona erdi. (Ege Ajans)<h3>Related Images:<\/h3>","protected":false},"excerpt":{"rendered":"<div class=\"mh-excerpt\"><p>Ege \u00dcniversitesi \u0130zmir Atat\u00fcrk Sa\u011fl\u0131k Y\u00fcksekokulu Ebelik B\u00f6l\u00fcm\u00fc&#8217;n\u00fcn 6. d\u00f6nem mezuniyet t\u00f6reninde konu\u015fan Okul M\u00fcd\u00fcr\u00fc Prof. Dr. G\u00fcls\u00fcn \u00d6zent\u00fcrk, toplumsal kalk\u0131nman\u0131n temelinin insan kayna\u011f\u0131na ba\u011fl\u0131 <a class=\"mh-excerpt-more\" href=\"https:\/\/kentyasam.com.tr\/wp\/2007\/07\/06\/ebelik-bolumu-altinci-donem-mezunlarini-ugurladi\/\" title=\"Ebelik b\u00f6l\u00fcm\u00fc alt\u0131nc\u0131 d\u00f6nem mezunlar\u0131n\u0131 u\u011furlad\u0131\">[&#8230;]<\/a><\/p>\n<\/div>","protected":false},"author":1,"featured_media":33862,"comment_status":"open","ping_status":"open","sticky":false,"template":"","format":"standard","meta":{"ngg_post_thumbnail":0,"footnotes":""},"categories":[1],"tags":[],"_links":{"self":[{"href":"https:\/\/kentyasam.com.tr\/wp\/wp-json\/wp\/v2\/posts\/9335"}],"collection":[{"href":"https:\/\/kentyasam.com.tr\/wp\/wp-json\/wp\/v2\/posts"}],"about":[{"href":"https:\/\/kentyasam.com.tr\/wp\/wp-json\/wp\/v2\/types\/post"}],"author":[{"embeddable":true,"href":"https:\/\/kentyasam.com.tr\/wp\/wp-json\/wp\/v2\/users\/1"}],"replies":[{"embeddable":true,"href":"https:\/\/kentyasam.com.tr\/wp\/wp-json\/wp\/v2\/comments?post=9335"}],"version-history":[{"count":0,"href":"https:\/\/kentyasam.com.tr\/wp\/wp-json\/wp\/v2\/posts\/9335\/revisions"}],"wp:featuredmedia":[{"embeddable":true,"href":"https:\/\/kentyasam.com.tr\/wp\/wp-json\/wp\/v2\/media\/33862"}],"wp:attachment":[{"href":"https:\/\/kentyasam.com.tr\/wp\/wp-json\/wp\/v2\/media?parent=9335"}],"wp:term":[{"taxonomy":"category","embeddable":true,"href":"https:\/\/kentyasam.com.tr\/wp\/wp-json\/wp\/v2\/categories?post=9335"},{"taxonomy":"post_tag","embeddable":true,"href":"https:\/\/kentyasam.com.tr\/wp\/wp-json\/wp\/v2\/tags?post=9335"}],"curies":[{"name":"wp","href":"https:\/\/api.w.org\/{rel}","templated":true}]}}