{"id":9269,"date":"2007-06-29T00:00:00","date_gmt":"2007-06-29T00:00:00","guid":{"rendered":"http:\/\/kentyasam.com.tr\/wp\/?p=9269"},"modified":"2007-06-29T00:00:00","modified_gmt":"2007-06-29T00:00:00","slug":"deniz-muzesi-kabotaj-bayrami-nda-aciliyor","status":"publish","type":"post","link":"https:\/\/kentyasam.com.tr\/wp\/2007\/06\/29\/deniz-muzesi-kabotaj-bayrami-nda-aciliyor\/","title":{"rendered":"Deniz M\u00fczesi Kabotaj Bayram\u0131&#8217;nda a\u00e7\u0131l\u0131yor"},"content":{"rendered":"Do\u011fayla kucakla\u015fmak isteyen \u0130zmirliler i\u00e7in \u0130nciralt\u0131\u0092nda 2 milyon metrekarelik bir alan\u0131 d\u00fczenleyen \u0130zmir B\u00fcy\u00fck\u015fehir Belediyesi, bu alana bir de Deniz M\u00fczesi kazand\u0131rd\u0131. G\u00fcney Deniz Saha Komutanl\u0131\u011f\u0131 i\u015fbirli\u011fi ile olu\u015fturulan ve bir gemi ve bir denizalt\u0131n\u0131n sergilenece\u011fi m\u00fcze, kabotaj hakk\u0131n\u0131n kazan\u0131lmas\u0131n\u0131n 81. y\u0131ld\u00f6n\u00fcm\u00fc olan 1 Temmuz 2007 tarihinde hizmete a\u00e7\u0131lacak. Gemi m\u00fczelerin ve \u0130zmir Kay\u0131klar\u0131\u0092n\u0131n konu\u015fland\u0131r\u0131laca\u011f\u0131 \u0130nciralt\u0131 \u0130skelesi\u0092nin yeniden d\u00fczenlenmesi i\u00e7in \u0130zmir B\u00fcy\u00fck\u015fehir Belediyesi taraf\u0131ndan ba\u015flat\u0131lan yap\u0131m \u00e7al\u0131\u015fmalar\u0131 tamamland\u0131. \u00c7al\u0131\u015fmalar kapsam\u0131nda Deniz M\u00fczesi\u0092nin yer alaca\u011f\u0131 mevcut iskele onar\u0131ld\u0131 ve ona ba\u011fl\u0131 y\u00fczer bir iskele daha yap\u0131ld\u0131. Ayr\u0131ca gemi m\u00fczeler i\u00e7in iskelenin \u00fczerine portatif k\u00fc\u00e7\u00fck bir giri\u015f binas\u0131 in\u015fa edildi. 2005 y\u0131l\u0131nda yeniden k\u00f6rfezin mavi sular\u0131yla bulu\u015fan \u0130zmir Kay\u0131klar\u0131\u0092n\u0131n da, gemilerin kar\u015f\u0131s\u0131nda olu\u015fturulan platformda yer alaca\u011f\u0131 ve kay\u0131klar\u0131 ba\u011flamak i\u00e7in mendire\u011fin i\u00e7ine y\u00fczer iskele yap\u0131ld\u0131\u011f\u0131 bildirildi. \u0130nciralt\u0131 \u0130skelesi\u0092nde konu\u015fland\u0131r\u0131lacak TCG Ege isimli gemi ile TCG Piri Reis Denizalt\u0131s\u0131 m\u00fcze olarak kullan\u0131lacak. Deniz M\u00fczesi\u0092nde denizcili\u011fin sosyal, tarihi ve teknik geli\u015fimleri sergilenecek. Gemi m\u00fczeler denizcilik tarihi ile ilgili ara\u015ft\u0131rma yapmak isteyenler i\u00e7in de \u00f6nemli kaynak olacak.<h3>Related Images:<\/h3>","protected":false},"excerpt":{"rendered":"<div class=\"mh-excerpt\"><p>Do\u011fayla kucakla\u015fmak isteyen \u0130zmirliler i\u00e7in \u0130nciralt\u0131\u0092nda 2 milyon metrekarelik bir alan\u0131 d\u00fczenleyen \u0130zmir B\u00fcy\u00fck\u015fehir Belediyesi, bu alana bir de Deniz M\u00fczesi kazand\u0131rd\u0131. G\u00fcney Deniz Saha <a class=\"mh-excerpt-more\" href=\"https:\/\/kentyasam.com.tr\/wp\/2007\/06\/29\/deniz-muzesi-kabotaj-bayrami-nda-aciliyor\/\" title=\"Deniz M\u00fczesi Kabotaj Bayram\u0131&#8217;nda a\u00e7\u0131l\u0131yor\">[&#8230;]<\/a><\/p>\n<\/div>","protected":false},"author":1,"featured_media":33803,"comment_status":"open","ping_status":"open","sticky":false,"template":"","format":"standard","meta":{"ngg_post_thumbnail":0,"footnotes":""},"categories":[1],"tags":[],"_links":{"self":[{"href":"https:\/\/kentyasam.com.tr\/wp\/wp-json\/wp\/v2\/posts\/9269"}],"collection":[{"href":"https:\/\/kentyasam.com.tr\/wp\/wp-json\/wp\/v2\/posts"}],"about":[{"href":"https:\/\/kentyasam.com.tr\/wp\/wp-json\/wp\/v2\/types\/post"}],"author":[{"embeddable":true,"href":"https:\/\/kentyasam.com.tr\/wp\/wp-json\/wp\/v2\/users\/1"}],"replies":[{"embeddable":true,"href":"https:\/\/kentyasam.com.tr\/wp\/wp-json\/wp\/v2\/comments?post=9269"}],"version-history":[{"count":0,"href":"https:\/\/kentyasam.com.tr\/wp\/wp-json\/wp\/v2\/posts\/9269\/revisions"}],"wp:featuredmedia":[{"embeddable":true,"href":"https:\/\/kentyasam.com.tr\/wp\/wp-json\/wp\/v2\/media\/33803"}],"wp:attachment":[{"href":"https:\/\/kentyasam.com.tr\/wp\/wp-json\/wp\/v2\/media?parent=9269"}],"wp:term":[{"taxonomy":"category","embeddable":true,"href":"https:\/\/kentyasam.com.tr\/wp\/wp-json\/wp\/v2\/categories?post=9269"},{"taxonomy":"post_tag","embeddable":true,"href":"https:\/\/kentyasam.com.tr\/wp\/wp-json\/wp\/v2\/tags?post=9269"}],"curies":[{"name":"wp","href":"https:\/\/api.w.org\/{rel}","templated":true}]}}