{"id":9252,"date":"2007-06-28T00:00:00","date_gmt":"2007-06-28T00:00:00","guid":{"rendered":"http:\/\/kentyasam.com.tr\/wp\/?p=9252"},"modified":"2007-06-28T00:00:00","modified_gmt":"2007-06-28T00:00:00","slug":"5-yas-altindaki-cocuklar-a-vitamini-fakiri","status":"publish","type":"post","link":"https:\/\/kentyasam.com.tr\/wp\/2007\/06\/28\/5-yas-altindaki-cocuklar-a-vitamini-fakiri\/","title":{"rendered":"5 ya\u015f alt\u0131ndaki \u00e7ocuklar A vitamini fakiri"},"content":{"rendered":"\u00dclkemizde \u00f6zellikle 5 ya\u015f alt\u0131ndaki \u00e7ocuklarda daha fazla olmak \u00fczere b\u00fcy\u00fck oranda A vitamini eksikli\u011finin mevcut oldu\u011funu belirten Ege \u00dcniversitesi T\u0131p Fak\u00fcltesi \u00c7ocuk Sa\u011fl\u0131\u011f\u0131 ve Hastal\u0131klar\u0131 Anabilim Dal\u0131 \u00d6\u011fretim \u00dcyesi Prof. Dr. Sad\u0131k Ak\u015fit, \u0093\u00d6zellikle k\u0131rsal b\u00f6lgelerdeki ve b\u00fcy\u00fck kentlerin varo\u015flar\u0131ndaki annelerin yetersiz beslendi\u011fi ve s\u0131k do\u011fum yapt\u0131\u011f\u0131, ishal ve solunum yolu enfeksiyonlar\u0131n\u0131n s\u0131k g\u00f6r\u00fcld\u00fc\u011f\u00fc dikkate al\u0131nd\u0131\u011f\u0131nda, risk alt\u0131ndaki bebeklere en az\u0131ndan 2 ya\u015f\u0131na kadar D vitamini yan\u0131nda A vitamini deste\u011finin de yap\u0131lmas\u0131 gerekmektedir\u0094 dedi. A vitaminin g\u00f6rme, immun sistem, h\u00fccresel farkl\u0131la\u015fma ve \u00fcreme i\u00e7in gerekli oldu\u011funu belirten Prof. Dr. Ak\u015fit, \u0093A vitamini eksikli\u011finde karanl\u0131k adaptasyonunda zorluk ve gece k\u00f6rl\u00fc\u011f\u00fcne kadar varabilen de\u011fi\u015fik g\u00f6z bulgular\u0131 g\u00f6r\u00fclebilmektedir. \u0130shal ve akut solunum yolu enfeksiyonlar\u0131 A vitamini eksikli\u011finde 2-4 kat daha fazla g\u00f6r\u00fclmektedir. Solunum sistemi enfeksiyonlar\u0131, ba\u011f\u0131rsak enfeksiyonlar\u0131, k\u0131zam\u0131k ve su\u00e7i\u00e7e\u011fi gibi d\u00f6k\u00fcnt\u00fcl\u00fc enfeksiyonlarda A vitamini gereksinimi artmaktad\u0131r. A vitamini depolar\u0131 yetersiz olan \u00e7ocuklarda A vitamini depolar\u0131n\u0131n h\u0131zla d\u00fc\u015fmesi sonucunda klinik A vitamini eksikli\u011fi belirtileri ortaya \u00e7\u0131kabilmektedir. S\u0131kl\u0131kla k\u00f6rl\u00fck geli\u015fmekte ve k\u0131zam\u0131k gibi enfeksiyonlardan \u00f6l\u00fcm oranlar\u0131 artmaktad\u0131r.\u0094 diye konu\u015ftu. (Ege Ajans)<h3>Related Images:<\/h3>","protected":false},"excerpt":{"rendered":"<div class=\"mh-excerpt\"><p>\u00dclkemizde \u00f6zellikle 5 ya\u015f alt\u0131ndaki \u00e7ocuklarda daha fazla olmak \u00fczere b\u00fcy\u00fck oranda A vitamini eksikli\u011finin mevcut oldu\u011funu belirten Ege \u00dcniversitesi T\u0131p Fak\u00fcltesi \u00c7ocuk Sa\u011fl\u0131\u011f\u0131 ve <a class=\"mh-excerpt-more\" href=\"https:\/\/kentyasam.com.tr\/wp\/2007\/06\/28\/5-yas-altindaki-cocuklar-a-vitamini-fakiri\/\" title=\"5 ya\u015f alt\u0131ndaki \u00e7ocuklar A vitamini fakiri\">[&#8230;]<\/a><\/p>\n<\/div>","protected":false},"author":1,"featured_media":33788,"comment_status":"open","ping_status":"open","sticky":false,"template":"","format":"standard","meta":{"ngg_post_thumbnail":0,"footnotes":""},"categories":[1],"tags":[],"_links":{"self":[{"href":"https:\/\/kentyasam.com.tr\/wp\/wp-json\/wp\/v2\/posts\/9252"}],"collection":[{"href":"https:\/\/kentyasam.com.tr\/wp\/wp-json\/wp\/v2\/posts"}],"about":[{"href":"https:\/\/kentyasam.com.tr\/wp\/wp-json\/wp\/v2\/types\/post"}],"author":[{"embeddable":true,"href":"https:\/\/kentyasam.com.tr\/wp\/wp-json\/wp\/v2\/users\/1"}],"replies":[{"embeddable":true,"href":"https:\/\/kentyasam.com.tr\/wp\/wp-json\/wp\/v2\/comments?post=9252"}],"version-history":[{"count":0,"href":"https:\/\/kentyasam.com.tr\/wp\/wp-json\/wp\/v2\/posts\/9252\/revisions"}],"wp:featuredmedia":[{"embeddable":true,"href":"https:\/\/kentyasam.com.tr\/wp\/wp-json\/wp\/v2\/media\/33788"}],"wp:attachment":[{"href":"https:\/\/kentyasam.com.tr\/wp\/wp-json\/wp\/v2\/media?parent=9252"}],"wp:term":[{"taxonomy":"category","embeddable":true,"href":"https:\/\/kentyasam.com.tr\/wp\/wp-json\/wp\/v2\/categories?post=9252"},{"taxonomy":"post_tag","embeddable":true,"href":"https:\/\/kentyasam.com.tr\/wp\/wp-json\/wp\/v2\/tags?post=9252"}],"curies":[{"name":"wp","href":"https:\/\/api.w.org\/{rel}","templated":true}]}}