{"id":9213,"date":"2007-06-25T00:00:00","date_gmt":"2007-06-25T00:00:00","guid":{"rendered":"http:\/\/kentyasam.com.tr\/wp\/?p=9213"},"modified":"2007-06-25T00:00:00","modified_gmt":"2007-06-25T00:00:00","slug":"fabrikada-yaz-okulu-donemi-basladi","status":"publish","type":"post","link":"https:\/\/kentyasam.com.tr\/wp\/2007\/06\/25\/fabrikada-yaz-okulu-donemi-basladi\/","title":{"rendered":"Fabrikada yaz okulu d\u00f6nemi ba\u015flad\u0131"},"content":{"rendered":"SKSF b\u00fcnyesi i\u00e7inde yer alan Sel\u00e7uk Soyer \u00d6zel E\u011fitim Okulu\u0092nda \u00e7ocuklar\u0131 sanat\u0131n her dal\u0131yla ve spor etkinlikleriyle tan\u0131\u015ft\u0131racak olan Yaz Okulu hizmete girdi. \u00c7ocuklar\u0131n m\u00fczik e\u015fli\u011finde kar\u015f\u0131land\u0131\u011f\u0131 Yaz Okulu a\u00e7\u0131l\u0131\u015f\u0131nda bir s\u00fcre \u00e7ekingen davranan \u00e7ocuklar g\u00f6rd\u00fckleri s\u0131cak ilgiden sonra ortama ayak uydurdular. A\u011f\u0131rl\u0131kl\u0131 olarak \u0130ngilizce, resim, m\u00fczik, dans, foto\u011fraf\u00e7\u0131l\u0131k, bilgisayar, drama, satran\u00e7, k\u00fclt\u00fcr gezilerinin yan\u0131 s\u0131ra basketbol, beden perk\u00fcsyonu, y\u00fczme gibi spor alan\u0131nda da bilgilendirilecek olan \u00e7ocuklar SKSF\u0092nin iki e\u015fsiz \u00e7im alan\u0131nda g\u00fcven i\u00e7inde \u00f6zg\u00fcrce oynaman\u0131n tad\u0131n\u0131 \u00e7\u0131kard\u0131lar. Bilimsel uzmanlar\u0131n haz\u0131rlad\u0131klar\u0131 kahvalt\u0131, \u00f6\u011fle yeme\u011fi, ikindi kahvalt\u0131s\u0131 men\u00fcleri ile ilgi \u00e7eken SKSF Yaz Okulu\u0092nda \u00e7ocuklar konular\u0131nda uzman olan g\u00f6revlilerce e\u011fitilecekler. Bu arada a\u015f\u0131r\u0131 Afrika s\u0131cakl\u0131klar\u0131 nedeniyle \u00e7ocuklar bu hafta SKSF\u0092nin havuzundan yararlanamayacak, y\u00fczme kurslar\u0131 \u00f6n\u00fcm\u00fczdeki haftadan itibaren verilmeye ba\u015flanacak. Yaz Okulu, Milli E\u011fitim eski M\u00fcd\u00fcr Yard\u0131mc\u0131s\u0131 ve SKSF Kurucu Temsilcisi S\u00fcleyman Can taraf\u0131ndan y\u00f6nlendiriliyor.<h3>Related Images:<\/h3>","protected":false},"excerpt":{"rendered":"<div class=\"mh-excerpt\"><p>SKSF b\u00fcnyesi i\u00e7inde yer alan Sel\u00e7uk Soyer \u00d6zel E\u011fitim Okulu\u0092nda \u00e7ocuklar\u0131 sanat\u0131n her dal\u0131yla ve spor etkinlikleriyle tan\u0131\u015ft\u0131racak olan Yaz Okulu hizmete girdi. \u00c7ocuklar\u0131n m\u00fczik <a class=\"mh-excerpt-more\" href=\"https:\/\/kentyasam.com.tr\/wp\/2007\/06\/25\/fabrikada-yaz-okulu-donemi-basladi\/\" title=\"Fabrikada yaz okulu d\u00f6nemi ba\u015flad\u0131\">[&#8230;]<\/a><\/p>\n<\/div>","protected":false},"author":1,"featured_media":33755,"comment_status":"open","ping_status":"open","sticky":false,"template":"","format":"standard","meta":{"ngg_post_thumbnail":0,"footnotes":""},"categories":[1],"tags":[],"_links":{"self":[{"href":"https:\/\/kentyasam.com.tr\/wp\/wp-json\/wp\/v2\/posts\/9213"}],"collection":[{"href":"https:\/\/kentyasam.com.tr\/wp\/wp-json\/wp\/v2\/posts"}],"about":[{"href":"https:\/\/kentyasam.com.tr\/wp\/wp-json\/wp\/v2\/types\/post"}],"author":[{"embeddable":true,"href":"https:\/\/kentyasam.com.tr\/wp\/wp-json\/wp\/v2\/users\/1"}],"replies":[{"embeddable":true,"href":"https:\/\/kentyasam.com.tr\/wp\/wp-json\/wp\/v2\/comments?post=9213"}],"version-history":[{"count":0,"href":"https:\/\/kentyasam.com.tr\/wp\/wp-json\/wp\/v2\/posts\/9213\/revisions"}],"wp:featuredmedia":[{"embeddable":true,"href":"https:\/\/kentyasam.com.tr\/wp\/wp-json\/wp\/v2\/media\/33755"}],"wp:attachment":[{"href":"https:\/\/kentyasam.com.tr\/wp\/wp-json\/wp\/v2\/media?parent=9213"}],"wp:term":[{"taxonomy":"category","embeddable":true,"href":"https:\/\/kentyasam.com.tr\/wp\/wp-json\/wp\/v2\/categories?post=9213"},{"taxonomy":"post_tag","embeddable":true,"href":"https:\/\/kentyasam.com.tr\/wp\/wp-json\/wp\/v2\/tags?post=9213"}],"curies":[{"name":"wp","href":"https:\/\/api.w.org\/{rel}","templated":true}]}}