{"id":9152,"date":"2007-06-18T00:00:00","date_gmt":"2007-06-18T00:00:00","guid":{"rendered":"http:\/\/kentyasam.com.tr\/wp\/?p=9152"},"modified":"2007-06-18T00:00:00","modified_gmt":"2007-06-18T00:00:00","slug":"rumelililer-senlikte-eglendi","status":"publish","type":"post","link":"https:\/\/kentyasam.com.tr\/wp\/2007\/06\/18\/rumelililer-senlikte-eglendi\/","title":{"rendered":"Rumelililer \u015fenlikte e\u011flendi"},"content":{"rendered":"Konak Belediyesi taraf\u0131ndan G\u00fcltepe Rumeli \u015eenli\u011fi&#8217;nin \u00fc\u00e7\u00fcnc\u00fcs\u00fc d\u00fczenlendi. \u015eenli\u011fe Konak Belediye Ba\u015fkan\u0131 Muzaffer Tun\u00e7a\u011f, Ba\u015fkanYard\u0131mc\u0131s\u0131 Tayfun Yi\u011fito\u011flu, \u0130zmir Balkan Dernekleri Federasyonu Ba\u015fkan\u0131 Vahap Sava\u015fan ve 5 bine yak\u0131n Rumeli g\u00f6\u00e7meni kat\u0131ld\u0131. Turgutreis \u0130lk\u00f6\u011fretim Okulu&#8217;nun bah\u00e7esini dolduran Rumelili vatanda\u015flar gece boyunca halaylar \u00e7ekti, doyas\u0131ya e\u011flendi. Muzaffer Tun\u00e7a\u011f, dedesinin de Girit &#8211; \u015earda\u011f&#8217;dan g\u00f6\u00e7 etti\u011fini belirterek birlikteli\u011fin g\u00fcc\u00fcn\u00fc vurgulad\u0131. Tun\u00e7a\u011f, &#8220;Birlikte dans ediyoruz, \u015fark\u0131 s\u00f6yl\u00fcyoruz, Rumelililerin katk\u0131lar\u0131 sayesinde ayakta duruyoruz&#8221; dedi. Makedonya&#8217;dan gelen halk oyunlar\u0131 grubu geceye renk katt\u0131. Grubun yapt\u0131\u011f\u0131 g\u00f6steriler dakikalarca ayakta alk\u0131\u015fland\u0131. Gecenin sonunda sahneye \u00e7\u0131kan Rumeli sanat\u00e7\u0131s\u0131 Ekrem Pehlivan&#8217;\u0131n \u015fark\u0131lar\u0131na dinleyenler de e\u015flik ederek halay \u00e7ekti.<h3>Related Images:<\/h3>","protected":false},"excerpt":{"rendered":"<div class=\"mh-excerpt\"><p>Konak Belediyesi taraf\u0131ndan G\u00fcltepe Rumeli \u015eenli\u011fi&#8217;nin \u00fc\u00e7\u00fcnc\u00fcs\u00fc d\u00fczenlendi. \u015eenli\u011fe Konak Belediye Ba\u015fkan\u0131 Muzaffer Tun\u00e7a\u011f, Ba\u015fkanYard\u0131mc\u0131s\u0131 Tayfun Yi\u011fito\u011flu, \u0130zmir Balkan Dernekleri Federasyonu Ba\u015fkan\u0131 Vahap Sava\u015fan ve <a class=\"mh-excerpt-more\" href=\"https:\/\/kentyasam.com.tr\/wp\/2007\/06\/18\/rumelililer-senlikte-eglendi\/\" title=\"Rumelililer \u015fenlikte e\u011flendi\">[&#8230;]<\/a><\/p>\n<\/div>","protected":false},"author":1,"featured_media":33700,"comment_status":"open","ping_status":"open","sticky":false,"template":"","format":"standard","meta":{"ngg_post_thumbnail":0,"footnotes":""},"categories":[1],"tags":[],"_links":{"self":[{"href":"https:\/\/kentyasam.com.tr\/wp\/wp-json\/wp\/v2\/posts\/9152"}],"collection":[{"href":"https:\/\/kentyasam.com.tr\/wp\/wp-json\/wp\/v2\/posts"}],"about":[{"href":"https:\/\/kentyasam.com.tr\/wp\/wp-json\/wp\/v2\/types\/post"}],"author":[{"embeddable":true,"href":"https:\/\/kentyasam.com.tr\/wp\/wp-json\/wp\/v2\/users\/1"}],"replies":[{"embeddable":true,"href":"https:\/\/kentyasam.com.tr\/wp\/wp-json\/wp\/v2\/comments?post=9152"}],"version-history":[{"count":0,"href":"https:\/\/kentyasam.com.tr\/wp\/wp-json\/wp\/v2\/posts\/9152\/revisions"}],"wp:featuredmedia":[{"embeddable":true,"href":"https:\/\/kentyasam.com.tr\/wp\/wp-json\/wp\/v2\/media\/33700"}],"wp:attachment":[{"href":"https:\/\/kentyasam.com.tr\/wp\/wp-json\/wp\/v2\/media?parent=9152"}],"wp:term":[{"taxonomy":"category","embeddable":true,"href":"https:\/\/kentyasam.com.tr\/wp\/wp-json\/wp\/v2\/categories?post=9152"},{"taxonomy":"post_tag","embeddable":true,"href":"https:\/\/kentyasam.com.tr\/wp\/wp-json\/wp\/v2\/tags?post=9152"}],"curies":[{"name":"wp","href":"https:\/\/api.w.org\/{rel}","templated":true}]}}