{"id":9100,"date":"2007-06-15T00:00:00","date_gmt":"2007-06-15T00:00:00","guid":{"rendered":"http:\/\/kentyasam.com.tr\/wp\/?p=9100"},"modified":"2007-06-15T00:00:00","modified_gmt":"2007-06-15T00:00:00","slug":"belediye-su-konulu-ozel-gazete-hazirladi","status":"publish","type":"post","link":"https:\/\/kentyasam.com.tr\/wp\/2007\/06\/15\/belediye-su-konulu-ozel-gazete-hazirladi\/","title":{"rendered":"Belediye \u0093su\u0094 konulu \u00f6zel gazete haz\u0131rlad\u0131"},"content":{"rendered":"\u0130zmir B\u00fcy\u00fck\u015fehir Belediyesi taraf\u0131ndan \u0093Su de\u011ferlidir, ak\u0131p gitmesin\u0094 ve \u0093Su hayatt\u0131r, bo\u015fa harcamay\u0131n\u0094 sloganlar\u0131yla ba\u015flatt\u0131\u011f\u0131 \u0093Su Tasarrufu Kampanyas\u0131\u0094, \u0130zmir B\u00fcy\u00fck\u015fehir Belediyesi Gazetesi\u0092nin \u0093Su Gazetesi\u0094nde i\u015flendi. Gazetede, \u0130zmir B\u00fcy\u00fck\u015fehir Belediyesi\u0092nin su tasarrufu konusunda ger\u00e7ekle\u015ftirdi\u011fi \u00e7al\u0131\u015fmalar ve su yat\u0131r\u0131m projelerinin yan\u0131 s\u0131ra, s\u0131n\u0131rl\u0131 su kaynaklar\u0131n\u0131n en iyi nas\u0131l de\u011ferlendirilece\u011fi ve tasarruf i\u00e7in hepimize ne gibi g\u00f6revler d\u00fc\u015ft\u00fc\u011f\u00fc temalar\u0131 da ele al\u0131nd\u0131. K\u00fcresel \u0131s\u0131nma ve kurakl\u0131k nedeniyle \u0130zmir\u0092in su kaynaklar\u0131n\u0131n giderek t\u00fckendi\u011fi ve kentte ya\u015fayanlar\u0131n suyu tasarruflu kullanmas\u0131 konusunda \u00e7a\u011fr\u0131lar\u0131n yap\u0131ld\u0131\u011f\u0131, \u0093Hedef: \u0130zmir\u0092e yeni su kaynaklar\u0131\u0094 man\u015fetli sekiz sayfadan olu\u015fan gazete 400 bin adet bas\u0131ld\u0131. Su Gazetesi, metropol 9 il\u00e7e i\u00e7indeki \u0130ZSU abonesi olan ev ve i\u015fyerlerine, bunlar\u0131n d\u0131\u015f\u0131nda kalan b\u00f6lgelerde ise il\u00e7e belediyelere, muhtarl\u0131klara ve kahvehane, berber gibi ortak kullan\u0131m\u0131n yo\u011fun oldu\u011fu ticari i\u015fyerlerine da\u011f\u0131t\u0131l\u0131yor.<h3>Related Images:<\/h3>","protected":false},"excerpt":{"rendered":"<div class=\"mh-excerpt\"><p>\u0130zmir B\u00fcy\u00fck\u015fehir Belediyesi taraf\u0131ndan \u0093Su de\u011ferlidir, ak\u0131p gitmesin\u0094 ve \u0093Su hayatt\u0131r, bo\u015fa harcamay\u0131n\u0094 sloganlar\u0131yla ba\u015flatt\u0131\u011f\u0131 \u0093Su Tasarrufu Kampanyas\u0131\u0094, \u0130zmir B\u00fcy\u00fck\u015fehir Belediyesi Gazetesi\u0092nin \u0093Su Gazetesi\u0094nde i\u015flendi. <a class=\"mh-excerpt-more\" href=\"https:\/\/kentyasam.com.tr\/wp\/2007\/06\/15\/belediye-su-konulu-ozel-gazete-hazirladi\/\" title=\"Belediye \u0093su\u0094 konulu \u00f6zel gazete haz\u0131rlad\u0131\">[&#8230;]<\/a><\/p>\n<\/div>","protected":false},"author":1,"featured_media":33654,"comment_status":"open","ping_status":"open","sticky":false,"template":"","format":"standard","meta":{"ngg_post_thumbnail":0,"footnotes":""},"categories":[1],"tags":[],"_links":{"self":[{"href":"https:\/\/kentyasam.com.tr\/wp\/wp-json\/wp\/v2\/posts\/9100"}],"collection":[{"href":"https:\/\/kentyasam.com.tr\/wp\/wp-json\/wp\/v2\/posts"}],"about":[{"href":"https:\/\/kentyasam.com.tr\/wp\/wp-json\/wp\/v2\/types\/post"}],"author":[{"embeddable":true,"href":"https:\/\/kentyasam.com.tr\/wp\/wp-json\/wp\/v2\/users\/1"}],"replies":[{"embeddable":true,"href":"https:\/\/kentyasam.com.tr\/wp\/wp-json\/wp\/v2\/comments?post=9100"}],"version-history":[{"count":0,"href":"https:\/\/kentyasam.com.tr\/wp\/wp-json\/wp\/v2\/posts\/9100\/revisions"}],"wp:featuredmedia":[{"embeddable":true,"href":"https:\/\/kentyasam.com.tr\/wp\/wp-json\/wp\/v2\/media\/33654"}],"wp:attachment":[{"href":"https:\/\/kentyasam.com.tr\/wp\/wp-json\/wp\/v2\/media?parent=9100"}],"wp:term":[{"taxonomy":"category","embeddable":true,"href":"https:\/\/kentyasam.com.tr\/wp\/wp-json\/wp\/v2\/categories?post=9100"},{"taxonomy":"post_tag","embeddable":true,"href":"https:\/\/kentyasam.com.tr\/wp\/wp-json\/wp\/v2\/tags?post=9100"}],"curies":[{"name":"wp","href":"https:\/\/api.w.org\/{rel}","templated":true}]}}