{"id":9042,"date":"2007-06-12T00:00:00","date_gmt":"2007-06-12T00:00:00","guid":{"rendered":"http:\/\/kentyasam.com.tr\/wp\/?p=9042"},"modified":"2007-06-12T00:00:00","modified_gmt":"2007-06-12T00:00:00","slug":"egitim-gonullusu-sanatcilardan-muzik-ziyafeti","status":"publish","type":"post","link":"https:\/\/kentyasam.com.tr\/wp\/2007\/06\/12\/egitim-gonullusu-sanatcilardan-muzik-ziyafeti\/","title":{"rendered":"E\u011fitim g\u00f6n\u00fcll\u00fcs\u00fc sanat\u00e7\u0131lardan m\u00fczik ziyafeti"},"content":{"rendered":"T\u00fcrkiye Tan\u0131t\u0131m, Ara\u015ft\u0131rma, Demokrasi ve Laik Olu\u015fum Vakf\u0131 (T\u00dcLOV), \u0130zmir B\u00fcy\u00fck\u015fehir Belediyesi ve Konak Belediyesi\u0092nin deste\u011fiyle, TRT \u0130zmir B\u00f6lge M\u00fcd\u00fcrl\u00fc\u011f\u00fc\u0092n\u00fcn katk\u0131lar\u0131yla \u0093Ulusal E\u011fitime Katk\u0131 Konseri\u0094 ger\u00e7ekle\u015ftirdi. \u0130zmir Ekonomi \u00dcniversitesi Konferans Salonu\u0092nda ulusal e\u011fitime destek i\u00e7in 35. kez sahneye \u00e7\u0131kan T\u00dcLOV Korosu\u0092nun konserini, Devlet eski Bakan\u0131 I\u015f\u0131lay Sayg\u0131n, \u0130zmir Vali Yard\u0131mc\u0131s\u0131 Fethi \u00d6zdemir, Konak Kaymakam\u0131 Ali Muhsin Nakipo\u011flu, Bal\u00e7ova Kaymakam\u0131 \u00dcnal Erdo\u011fan ve \u00e7ok say\u0131da sanatsever izledi. Klasik T\u00fcrk M\u00fczi\u011fi Devlet Korosu Sanat\u00e7\u0131s\u0131 \u015eef E. U\u011fur Ur\u015fan y\u00f6netimindeki T\u00dcLOV Korosu, birbirinden g\u00fczel 22 T\u00fcrk sanat m\u00fczi\u011fi eserini sanatseverler i\u00e7in seslendirirken, Ege \u00dcniversitesi Devlet T\u00fcrk Musikisi Konservatuar\u0131 \u00d6\u011fretim G\u00f6revlisi Seher Dilma\u00e7 da \u0093gecenin solisti\u0094 olarak izleyenlere e\u015fsiz dakikalar ya\u015fatt\u0131.<h3>Related Images:<\/h3>","protected":false},"excerpt":{"rendered":"<div class=\"mh-excerpt\"><p>T\u00fcrkiye Tan\u0131t\u0131m, Ara\u015ft\u0131rma, Demokrasi ve Laik Olu\u015fum Vakf\u0131 (T\u00dcLOV), \u0130zmir B\u00fcy\u00fck\u015fehir Belediyesi ve Konak Belediyesi\u0092nin deste\u011fiyle, TRT \u0130zmir B\u00f6lge M\u00fcd\u00fcrl\u00fc\u011f\u00fc\u0092n\u00fcn katk\u0131lar\u0131yla \u0093Ulusal E\u011fitime Katk\u0131 Konseri\u0094 <a class=\"mh-excerpt-more\" href=\"https:\/\/kentyasam.com.tr\/wp\/2007\/06\/12\/egitim-gonullusu-sanatcilardan-muzik-ziyafeti\/\" title=\"E\u011fitim g\u00f6n\u00fcll\u00fcs\u00fc sanat\u00e7\u0131lardan m\u00fczik ziyafeti\">[&#8230;]<\/a><\/p>\n<\/div>","protected":false},"author":1,"featured_media":0,"comment_status":"open","ping_status":"open","sticky":false,"template":"","format":"standard","meta":{"ngg_post_thumbnail":0,"footnotes":""},"categories":[1],"tags":[],"_links":{"self":[{"href":"https:\/\/kentyasam.com.tr\/wp\/wp-json\/wp\/v2\/posts\/9042"}],"collection":[{"href":"https:\/\/kentyasam.com.tr\/wp\/wp-json\/wp\/v2\/posts"}],"about":[{"href":"https:\/\/kentyasam.com.tr\/wp\/wp-json\/wp\/v2\/types\/post"}],"author":[{"embeddable":true,"href":"https:\/\/kentyasam.com.tr\/wp\/wp-json\/wp\/v2\/users\/1"}],"replies":[{"embeddable":true,"href":"https:\/\/kentyasam.com.tr\/wp\/wp-json\/wp\/v2\/comments?post=9042"}],"version-history":[{"count":0,"href":"https:\/\/kentyasam.com.tr\/wp\/wp-json\/wp\/v2\/posts\/9042\/revisions"}],"wp:attachment":[{"href":"https:\/\/kentyasam.com.tr\/wp\/wp-json\/wp\/v2\/media?parent=9042"}],"wp:term":[{"taxonomy":"category","embeddable":true,"href":"https:\/\/kentyasam.com.tr\/wp\/wp-json\/wp\/v2\/categories?post=9042"},{"taxonomy":"post_tag","embeddable":true,"href":"https:\/\/kentyasam.com.tr\/wp\/wp-json\/wp\/v2\/tags?post=9042"}],"curies":[{"name":"wp","href":"https:\/\/api.w.org\/{rel}","templated":true}]}}