{"id":9034,"date":"2007-06-12T00:00:00","date_gmt":"2007-06-12T00:00:00","guid":{"rendered":"http:\/\/kentyasam.com.tr\/wp\/?p=9034"},"modified":"2007-06-12T00:00:00","modified_gmt":"2007-06-12T00:00:00","slug":"urfa-dan-izmir-e-gurur-odulu","status":"publish","type":"post","link":"https:\/\/kentyasam.com.tr\/wp\/2007\/06\/12\/urfa-dan-izmir-e-gurur-odulu\/","title":{"rendered":"Urfa&#8217;dan \u0130zmir&#8217;e \u0093Gurur \u00d6d\u00fcl\u00fc\u0094"},"content":{"rendered":"\u0130zmir B\u00fcy\u00fck\u015fehir Belediyesi\u0092nin ba\u015flatt\u0131\u011f\u0131 \u0093Abla-A\u011fabey-Karde\u015f Projesi\u0094,  \u015eanl\u0131urfa\u0092da d\u00fczenlenen Halil \u0130brahim Sofras\u0131 Sosyal Yard\u0131mla\u015fma Haftas\u0131\u0092nda \u0093En \u0130yi Proje\u0094 olarak se\u00e7ildi ve birincilik \u00f6d\u00fcl\u00fc kazand\u0131. Abla-A\u011fabey-Karde\u015f Projesi\u0092nin birincilik \u00f6d\u00fcl\u00fcn\u00fcn yan\u0131nda, yine \u0130zmir B\u00fcy\u00fck\u015fehir Belediyesi K\u00fclt\u00fcr ve Sosyal \u0130\u015fler Dairesi taraf\u0131ndan y\u00fcr\u00fct\u00fclen  \u0093Sosyal Envanter ve Hane Durumu Tespit\u0094 ve \u0093Meslek Edindirme ve Beceri Kurslar\u0131 \u0130ZMEB\u0094 projelerinin sunumlar\u0131 yap\u0131ld\u0131. Bu iki proje de kat\u0131lanlar taraf\u0131ndan \u00f6vg\u00fc ald\u0131. Birincilik \u00f6d\u00fcl\u00fcn\u00fc, \u0130zmir B\u00fcy\u00fck\u015fehir Belediye Ba\u015fkan Aziz Kocao\u011flu ad\u0131na, \u0130BB K\u00fclt\u00fcr ve Sosyal \u0130\u015fler Dairesi Projeler Koordinat\u00f6r\u00fc Bahattin \u00d6zdemir ald\u0131.<h3>Related Images:<\/h3>","protected":false},"excerpt":{"rendered":"<div class=\"mh-excerpt\"><p>\u0130zmir B\u00fcy\u00fck\u015fehir Belediyesi\u0092nin ba\u015flatt\u0131\u011f\u0131 \u0093Abla-A\u011fabey-Karde\u015f Projesi\u0094, \u015eanl\u0131urfa\u0092da d\u00fczenlenen Halil \u0130brahim Sofras\u0131 Sosyal Yard\u0131mla\u015fma Haftas\u0131\u0092nda \u0093En \u0130yi Proje\u0094 olarak se\u00e7ildi ve birincilik \u00f6d\u00fcl\u00fc kazand\u0131. Abla-A\u011fabey-Karde\u015f Projesi\u0092nin <a class=\"mh-excerpt-more\" href=\"https:\/\/kentyasam.com.tr\/wp\/2007\/06\/12\/urfa-dan-izmir-e-gurur-odulu\/\" title=\"Urfa&#8217;dan \u0130zmir&#8217;e \u0093Gurur \u00d6d\u00fcl\u00fc\u0094\">[&#8230;]<\/a><\/p>\n<\/div>","protected":false},"author":1,"featured_media":33597,"comment_status":"open","ping_status":"open","sticky":false,"template":"","format":"standard","meta":{"ngg_post_thumbnail":0,"footnotes":""},"categories":[1],"tags":[],"_links":{"self":[{"href":"https:\/\/kentyasam.com.tr\/wp\/wp-json\/wp\/v2\/posts\/9034"}],"collection":[{"href":"https:\/\/kentyasam.com.tr\/wp\/wp-json\/wp\/v2\/posts"}],"about":[{"href":"https:\/\/kentyasam.com.tr\/wp\/wp-json\/wp\/v2\/types\/post"}],"author":[{"embeddable":true,"href":"https:\/\/kentyasam.com.tr\/wp\/wp-json\/wp\/v2\/users\/1"}],"replies":[{"embeddable":true,"href":"https:\/\/kentyasam.com.tr\/wp\/wp-json\/wp\/v2\/comments?post=9034"}],"version-history":[{"count":0,"href":"https:\/\/kentyasam.com.tr\/wp\/wp-json\/wp\/v2\/posts\/9034\/revisions"}],"wp:featuredmedia":[{"embeddable":true,"href":"https:\/\/kentyasam.com.tr\/wp\/wp-json\/wp\/v2\/media\/33597"}],"wp:attachment":[{"href":"https:\/\/kentyasam.com.tr\/wp\/wp-json\/wp\/v2\/media?parent=9034"}],"wp:term":[{"taxonomy":"category","embeddable":true,"href":"https:\/\/kentyasam.com.tr\/wp\/wp-json\/wp\/v2\/categories?post=9034"},{"taxonomy":"post_tag","embeddable":true,"href":"https:\/\/kentyasam.com.tr\/wp\/wp-json\/wp\/v2\/tags?post=9034"}],"curies":[{"name":"wp","href":"https:\/\/api.w.org\/{rel}","templated":true}]}}