{"id":9002,"date":"2007-06-08T00:00:00","date_gmt":"2007-06-08T00:00:00","guid":{"rendered":"http:\/\/kentyasam.com.tr\/wp\/?p=9002"},"modified":"2007-06-08T00:00:00","modified_gmt":"2007-06-08T00:00:00","slug":"genelkurmay-terore-kitlesel-karsi-koyma-bekiyor","status":"publish","type":"post","link":"https:\/\/kentyasam.com.tr\/wp\/2007\/06\/08\/genelkurmay-terore-kitlesel-karsi-koyma-bekiyor\/","title":{"rendered":"Genelkurmay ter\u00f6re kitlesel kar\u015f\u0131 koyma bekiyor"},"content":{"rendered":"Genelkurmay Ba\u015fkanl\u0131\u011f\u0131&#8217;ndan yap\u0131lan a\u00e7\u0131klamada, ter\u00f6r olaylar\u0131na kar\u015f\u0131 ulusun kitlesel kar\u015f\u0131 koyma refleksi g\u00f6stermesinin beklendi\u011fi dile getirildi. Genelkurmay Ba\u015fkan\u0131 Orgeneral Ya\u015far B\u00fcy\u00fckan\u0131t&#8217;\u0131n 12 Nisan 2007 g\u00fcn\u00fc yapt\u0131\u011f\u0131 bas\u0131n toplant\u0131s\u0131nda, ter\u00f6r\u00fcn May\u0131s 2007 tarihinden ba\u015flayarak t\u0131rmanaca\u011f\u0131n\u0131 kamuoyuna a\u00e7\u0131klad\u0131\u011f\u0131 belirtilen a\u00e7\u0131klamada, &#8220;Son g\u00fcnlerde ortaya \u00e7\u0131kan ter\u00f6r olaylar\u0131, bu a\u00e7\u0131klamalar\u0131n ger\u00e7ek\u00e7i oldu\u011funu g\u00f6stermi\u015ftir. Bu ter\u00f6r eylemleri, ayn\u0131 zamanda b\u00f6l\u00fcc\u00fc ve \u0131rk\u00e7\u0131 ter\u00f6r \u00f6rg\u00fct\u00fcn\u00fcn ger\u00e7ek niyetini de \u00e7ok a\u00e7\u0131k bir \u015fekilde ortaya koymu\u015ftur&#8221; denildi. &#8220;Her f\u0131rsatta, yurt i\u00e7inde ve yurt d\u0131\u015f\u0131nda bar\u0131\u015f, \u00f6zg\u00fcrl\u00fck ve demokrasi gibi insanl\u0131\u011f\u0131n y\u00fcksek de\u011ferlerini, ter\u00f6r \u00f6rg\u00fct\u00fcne paravan olarak kullanan ki\u015fi ve kurulu\u015flar\u0131n, bu olaylar\u0131n ger\u00e7ek y\u00fczlerini g\u00f6rme zaman\u0131 art\u0131k gelmi\u015ftir&#8221; denilen a\u00e7\u0131klamada \u015fu g\u00f6r\u00fc\u015flere yer verildi:\r<br>&#8220;T\u00fcrkiye Cumhuriyeti, ulusal ve \u00fcniter yap\u0131s\u0131n\u0131n, \u00e7a\u011f d\u0131\u015f\u0131 bir yap\u0131 oldu\u011funu d\u00fc\u015f\u00fcnen bir yakla\u015f\u0131m ile kar\u015f\u0131 kar\u015f\u0131yad\u0131r.Ulusumuzun bu tehlikeli yakla\u015f\u0131m\u0131 fark etmek zorunlulu\u011fu vard\u0131r ve olmal\u0131d\u0131r. Ortaya \u00e7\u0131kan ve giderek artan ter\u00f6r eylemleri, bu t\u00fcr d\u00fc\u015f\u00fcncelerin ve bunlar\u0131 dolayl\u0131 veya do\u011frudan destekleyenlerin \u00e7arp\u0131k d\u00fc\u015f\u00fcncelerinin \u00e7ok a\u00e7\u0131k bir g\u00f6stergesi oldu\u011fu \u015f\u00fcphesizdir. T\u00fcrk Silahl\u0131 Kuvvetleri, ter\u00f6rle m\u00fccadele konusunda sars\u0131lmaz bir kararl\u0131l\u0131\u011fa sahiptir ve bu t\u00fcr sald\u0131r\u0131lara gereken cevab\u0131 verece\u011fi tart\u0131\u015f\u0131lmaz bir ger\u00e7ektir. T\u00fcrk Silahl\u0131 Kuvvetlerinin beklentisi; bu t\u00fcr ter\u00f6r olaylar\u0131na kar\u015f\u0131, y\u00fcce T\u00fcrk milletinin kitlesel kar\u015f\u0131 koyma refleksini g\u00f6stermesidir.&#8221;<h3>Related Images:<\/h3>","protected":false},"excerpt":{"rendered":"<div class=\"mh-excerpt\"><p>Genelkurmay Ba\u015fkanl\u0131\u011f\u0131&#8217;ndan yap\u0131lan a\u00e7\u0131klamada, ter\u00f6r olaylar\u0131na kar\u015f\u0131 ulusun kitlesel kar\u015f\u0131 koyma refleksi g\u00f6stermesinin beklendi\u011fi dile getirildi. Genelkurmay Ba\u015fkan\u0131 Orgeneral Ya\u015far B\u00fcy\u00fckan\u0131t&#8217;\u0131n 12 Nisan 2007 g\u00fcn\u00fc <a class=\"mh-excerpt-more\" href=\"https:\/\/kentyasam.com.tr\/wp\/2007\/06\/08\/genelkurmay-terore-kitlesel-karsi-koyma-bekiyor\/\" title=\"Genelkurmay ter\u00f6re kitlesel kar\u015f\u0131 koyma bekiyor\">[&#8230;]<\/a><\/p>\n<\/div>","protected":false},"author":1,"featured_media":33570,"comment_status":"open","ping_status":"open","sticky":false,"template":"","format":"standard","meta":{"ngg_post_thumbnail":0,"footnotes":""},"categories":[1],"tags":[],"_links":{"self":[{"href":"https:\/\/kentyasam.com.tr\/wp\/wp-json\/wp\/v2\/posts\/9002"}],"collection":[{"href":"https:\/\/kentyasam.com.tr\/wp\/wp-json\/wp\/v2\/posts"}],"about":[{"href":"https:\/\/kentyasam.com.tr\/wp\/wp-json\/wp\/v2\/types\/post"}],"author":[{"embeddable":true,"href":"https:\/\/kentyasam.com.tr\/wp\/wp-json\/wp\/v2\/users\/1"}],"replies":[{"embeddable":true,"href":"https:\/\/kentyasam.com.tr\/wp\/wp-json\/wp\/v2\/comments?post=9002"}],"version-history":[{"count":0,"href":"https:\/\/kentyasam.com.tr\/wp\/wp-json\/wp\/v2\/posts\/9002\/revisions"}],"wp:featuredmedia":[{"embeddable":true,"href":"https:\/\/kentyasam.com.tr\/wp\/wp-json\/wp\/v2\/media\/33570"}],"wp:attachment":[{"href":"https:\/\/kentyasam.com.tr\/wp\/wp-json\/wp\/v2\/media?parent=9002"}],"wp:term":[{"taxonomy":"category","embeddable":true,"href":"https:\/\/kentyasam.com.tr\/wp\/wp-json\/wp\/v2\/categories?post=9002"},{"taxonomy":"post_tag","embeddable":true,"href":"https:\/\/kentyasam.com.tr\/wp\/wp-json\/wp\/v2\/tags?post=9002"}],"curies":[{"name":"wp","href":"https:\/\/api.w.org\/{rel}","templated":true}]}}