{"id":8984,"date":"2007-06-04T00:00:00","date_gmt":"2007-06-04T00:00:00","guid":{"rendered":"http:\/\/kentyasam.com.tr\/wp\/?p=8984"},"modified":"2007-06-04T00:00:00","modified_gmt":"2007-06-04T00:00:00","slug":"tepekule-kongre-ve-sergi-merkezi-bir-yasinda","status":"publish","type":"post","link":"https:\/\/kentyasam.com.tr\/wp\/2007\/06\/04\/tepekule-kongre-ve-sergi-merkezi-bir-yasinda\/","title":{"rendered":"Tepekule Kongre ve Sergi Merkezi bir ya\u015f\u0131nda"},"content":{"rendered":"A\u00e7\u0131l\u0131\u015f\u0131ndan sonra bir y\u0131l\u0131 geride b\u0131rakan Tepekule Kongre ve Sergi Merkezi&#8217;nin bu s\u00fcre i\u00e7inde 512 etkinlikte 82 bini a\u015fk\u0131n ziyaret\u00e7iyi konuk etti\u011fi belirtildi. Makina M\u00fchendisleri Odas\u0131 \u0130zmir \u015eube Ba\u015fkan\u0131 Mehmet \u00d6zsakarya, merkezin bundan sonra daha geli\u015fmi\u015f bir altyap\u0131 ile hizmet verece\u011fini bildirdi. \u00d6zsakarya, &#8220;Tepekule&#8217;nin 3 bin 150 metrekare olan sergi alan\u0131, zemin katta yeni olu\u015fturdu\u011fumuz hol\u00fcm\u00fczle birlikte 4 bin 400 metrekareye \u00e7\u0131kt\u0131. Yeni eklenen hol\u00fcm\u00fcz 800 ki\u015filik gala yemekleri i\u00e7in de hizmet verecek. Teras kat\u0131nda 400 ki\u015filik bir kafeteryay\u0131 yeni sezona yeti\u015ftirmek \u00fczere \u00e7al\u0131\u015fmalar\u0131m\u0131z\u0131 s\u00fcrd\u00fcr\u00fcyoruz. Ayr\u0131ca kongre merkezimizin katlar\u0131 aras\u0131nda \u00e7al\u0131\u015facak panoramik asans\u00f6r\u00fcm\u00fcz de yeni sezonda hizmete girmi\u015f olacak&#8221; dedi. Merkezin \u0130zmir sanat, k\u00fclt\u00fcr, i\u015f ya\u015fam\u0131 ve kongre turizmine \u00f6nemli katk\u0131 sa\u011flama hedefi ile yola \u00e7\u0131kt\u0131\u011f\u0131n\u0131 ifade eden \u00d6zsakarya, geli\u015fmelerle birlikte Tepekule&#8217;nin sadece \u0130zmir de\u011fil, T\u00fcrkiye genelinde tercih edilen bir merkez olaca\u011f\u0131n\u0131 tahmin ettiklerini s\u00f6zlerine ekledi.<h3>Related Images:<\/h3>","protected":false},"excerpt":{"rendered":"<div class=\"mh-excerpt\"><p>A\u00e7\u0131l\u0131\u015f\u0131ndan sonra bir y\u0131l\u0131 geride b\u0131rakan Tepekule Kongre ve Sergi Merkezi&#8217;nin bu s\u00fcre i\u00e7inde 512 etkinlikte 82 bini a\u015fk\u0131n ziyaret\u00e7iyi konuk etti\u011fi belirtildi. Makina M\u00fchendisleri <a class=\"mh-excerpt-more\" href=\"https:\/\/kentyasam.com.tr\/wp\/2007\/06\/04\/tepekule-kongre-ve-sergi-merkezi-bir-yasinda\/\" title=\"Tepekule Kongre ve Sergi Merkezi bir ya\u015f\u0131nda\">[&#8230;]<\/a><\/p>\n<\/div>","protected":false},"author":1,"featured_media":33553,"comment_status":"open","ping_status":"open","sticky":false,"template":"","format":"standard","meta":{"ngg_post_thumbnail":0,"footnotes":""},"categories":[1],"tags":[],"_links":{"self":[{"href":"https:\/\/kentyasam.com.tr\/wp\/wp-json\/wp\/v2\/posts\/8984"}],"collection":[{"href":"https:\/\/kentyasam.com.tr\/wp\/wp-json\/wp\/v2\/posts"}],"about":[{"href":"https:\/\/kentyasam.com.tr\/wp\/wp-json\/wp\/v2\/types\/post"}],"author":[{"embeddable":true,"href":"https:\/\/kentyasam.com.tr\/wp\/wp-json\/wp\/v2\/users\/1"}],"replies":[{"embeddable":true,"href":"https:\/\/kentyasam.com.tr\/wp\/wp-json\/wp\/v2\/comments?post=8984"}],"version-history":[{"count":0,"href":"https:\/\/kentyasam.com.tr\/wp\/wp-json\/wp\/v2\/posts\/8984\/revisions"}],"wp:featuredmedia":[{"embeddable":true,"href":"https:\/\/kentyasam.com.tr\/wp\/wp-json\/wp\/v2\/media\/33553"}],"wp:attachment":[{"href":"https:\/\/kentyasam.com.tr\/wp\/wp-json\/wp\/v2\/media?parent=8984"}],"wp:term":[{"taxonomy":"category","embeddable":true,"href":"https:\/\/kentyasam.com.tr\/wp\/wp-json\/wp\/v2\/categories?post=8984"},{"taxonomy":"post_tag","embeddable":true,"href":"https:\/\/kentyasam.com.tr\/wp\/wp-json\/wp\/v2\/tags?post=8984"}],"curies":[{"name":"wp","href":"https:\/\/api.w.org\/{rel}","templated":true}]}}