{"id":8950,"date":"2007-06-05T00:00:00","date_gmt":"2007-06-05T00:00:00","guid":{"rendered":"http:\/\/kentyasam.com.tr\/wp\/?p=8950"},"modified":"2007-06-05T00:00:00","modified_gmt":"2007-06-05T00:00:00","slug":"dogal-kaynaklar-miras-degil-emanettir","status":"publish","type":"post","link":"https:\/\/kentyasam.com.tr\/wp\/2007\/06\/05\/dogal-kaynaklar-miras-degil-emanettir\/","title":{"rendered":"\u0093Do\u011fal kaynaklar miras de\u011fil emanettir\u0094"},"content":{"rendered":"5 Haziran D\u00fcnya \u00c7evre G\u00fcn\u00fc ve Haftas\u0131 Etkinleri nedeniyle E.\u00dc Atat\u00fcrk K\u00fclt\u00fcr Merkezi\u0092nde d\u00fczenlenen panelde g\u00fcn\u00fcm\u00fcz\u00fcn \u00e7evre ko\u015fullar\u0131 ve k\u00fcreselle\u015fmenin g\u00fcnl\u00fck ya\u015fama olan olumsuz etkileri tart\u0131\u015f\u0131ld\u0131. Panelin a\u00e7\u0131l\u0131\u015f konu\u015fmas\u0131n\u0131 ger\u00e7ekle\u015ftiren \u0130zmir Valisi Mustafa Cahit K\u0131ra\u00e7, \u00e7evresel sorunlar\u0131n h\u0131zla art\u0131\u015f g\u00f6sterdi\u011fine de\u011finerek, herkesin \u00fczerine d\u00fc\u015fen g\u00f6revi yerine getirmesini istedi. \u00c7evreye duyulan sayg\u0131n\u0131n, insan sayg\u0131s\u0131yla e\u015f de\u011fer oldu\u011funu belirten K\u0131ra\u00e7 \u0093Toplumda \u00e7evre bilincini uyand\u0131rmal\u0131 ve gereken \u00f6nlemleri \u015fimdiden almal\u0131y\u0131z\u0094 \u015feklinde konu\u015ftu. \u0130nsanlar\u0131n do\u011fadan m\u00fcmk\u00fcn oldu\u011funca fazla faydalanmak istediklerini ancak bunu yaparken d\u00fcnyan\u0131n ekolojik dengesinin g\u00f6z ard\u0131 edildi\u011finin alt\u0131n\u0131 \u00e7izen E.\u00dc Edebiyat Fak\u00fcltesi Sosyoloji Ana Bilim Dal\u0131 Ba\u015fkan\u0131 Prof. Ercan Tatl\u0131dil, do\u011fada meydana gelen ve ya\u015fam\u0131 tehdit eden de\u011fi\u015fikliklerin sebebinin insanlar oldu\u011funu s\u00f6yledi. Teknolojik geli\u015fimleri sadee kendi \u00e7\u0131kar\u0131m\u0131z\u0131 d\u00fc\u015f\u00fcnerek de\u011fil d\u00fcnyan\u0131n dengelerini de g\u00f6z \u00f6n\u00fcne alarak hareket etmemiz gerekti\u011fini belirten Tatl\u0131dil, \u0093Do\u011fal kaynaklar bizlere ge\u00e7mi\u015ften kalan bir miras de\u011fil, gelecek ku\u015faklara aktarmam\u0131z gereken birer emanettir\u0094 dedi. (Ege Ajans)<h3>Related Images:<\/h3>","protected":false},"excerpt":{"rendered":"<div class=\"mh-excerpt\"><p>5 Haziran D\u00fcnya \u00c7evre G\u00fcn\u00fc ve Haftas\u0131 Etkinleri nedeniyle E.\u00dc Atat\u00fcrk K\u00fclt\u00fcr Merkezi\u0092nde d\u00fczenlenen panelde g\u00fcn\u00fcm\u00fcz\u00fcn \u00e7evre ko\u015fullar\u0131 ve k\u00fcreselle\u015fmenin g\u00fcnl\u00fck ya\u015fama olan olumsuz etkileri <a class=\"mh-excerpt-more\" href=\"https:\/\/kentyasam.com.tr\/wp\/2007\/06\/05\/dogal-kaynaklar-miras-degil-emanettir\/\" title=\"\u0093Do\u011fal kaynaklar miras de\u011fil emanettir\u0094\">[&#8230;]<\/a><\/p>\n<\/div>","protected":false},"author":1,"featured_media":0,"comment_status":"open","ping_status":"open","sticky":false,"template":"","format":"standard","meta":{"ngg_post_thumbnail":0,"footnotes":""},"categories":[1],"tags":[],"_links":{"self":[{"href":"https:\/\/kentyasam.com.tr\/wp\/wp-json\/wp\/v2\/posts\/8950"}],"collection":[{"href":"https:\/\/kentyasam.com.tr\/wp\/wp-json\/wp\/v2\/posts"}],"about":[{"href":"https:\/\/kentyasam.com.tr\/wp\/wp-json\/wp\/v2\/types\/post"}],"author":[{"embeddable":true,"href":"https:\/\/kentyasam.com.tr\/wp\/wp-json\/wp\/v2\/users\/1"}],"replies":[{"embeddable":true,"href":"https:\/\/kentyasam.com.tr\/wp\/wp-json\/wp\/v2\/comments?post=8950"}],"version-history":[{"count":0,"href":"https:\/\/kentyasam.com.tr\/wp\/wp-json\/wp\/v2\/posts\/8950\/revisions"}],"wp:attachment":[{"href":"https:\/\/kentyasam.com.tr\/wp\/wp-json\/wp\/v2\/media?parent=8950"}],"wp:term":[{"taxonomy":"category","embeddable":true,"href":"https:\/\/kentyasam.com.tr\/wp\/wp-json\/wp\/v2\/categories?post=8950"},{"taxonomy":"post_tag","embeddable":true,"href":"https:\/\/kentyasam.com.tr\/wp\/wp-json\/wp\/v2\/tags?post=8950"}],"curies":[{"name":"wp","href":"https:\/\/api.w.org\/{rel}","templated":true}]}}