{"id":8915,"date":"2007-06-04T00:00:00","date_gmt":"2007-06-04T00:00:00","guid":{"rendered":"http:\/\/kentyasam.com.tr\/wp\/?p=8915"},"modified":"2007-06-04T00:00:00","modified_gmt":"2007-06-04T00:00:00","slug":"organik-tarim-desteklenecek","status":"publish","type":"post","link":"https:\/\/kentyasam.com.tr\/wp\/2007\/06\/04\/organik-tarim-desteklenecek\/","title":{"rendered":"Organik tar\u0131m desteklenecek"},"content":{"rendered":"\u0130zmir B\u00fcy\u00fck\u015fehir Belediye Ba\u015fkan\u0131 Aziz Kocao\u011flu, Buca\u0092n\u0131n Belenba\u015f\u0131 K\u00f6y\u00fc\u0092nde d\u00fczenlenen 3. Y\u00f6r\u00fck K\u00fclt\u00fcr\u00fcn\u00fc Tan\u0131tma ve Kiraz Festivali\u0092ne kat\u0131larak vatanda\u015flar\u0131n co\u015fkusuna ortak oldu. Vatanda\u015flarla birlikte zeybek oynayan, \u0093En G\u00fczel Kiraz Yeti\u015ftiren \u00dcretici Yar\u0131\u015fmas\u0131\u0094nda dereceye girenlere \u00f6d\u00fcllerini veren Ba\u015fkan Kocao\u011flu, kat\u0131l\u0131m ve desteklerinden dolay\u0131 Belenba\u015f\u0131 K\u00f6y\u00fc Muhtar\u0131 B\u00fclent Alt\u0131parmak\u0092\u0131n sundu\u011fu te\u015fekk\u00fcr plaketini ald\u0131. Festivalin a\u00e7\u0131l\u0131\u015f t\u00f6reninde yapt\u0131\u011f\u0131 konu\u015fmada, tar\u0131msal \u00fcretimin \u0130zmir i\u00e7in \u00f6nemini \u00e7ok iyi bildiklerini s\u00f6yleyen B\u00fcy\u00fck\u015fehir Belediye Ba\u015fkan\u0131 Aziz Kocao\u011flu, bu nedenle ba\u015fta sulama olmak \u00fczere tar\u0131m\u0131n geli\u015ftirilmesi i\u00e7in her t\u00fcrl\u00fc deste\u011fi verdiklerini kaydetti. Belenba\u015f\u0131 ve  Buca\u0092n\u0131n di\u011fer k\u00f6ylerinde organik tar\u0131m \u00fcretimin geli\u015fmeye ba\u015flad\u0131\u011f\u0131na i\u015faret eden Ba\u015fkan Kocao\u011flu, \u0093Belenba\u015f\u0131, K\u0131r\u0131klar ve Karaca\u011fa\u00e7 b\u00f6lgelerinde daha \u00f6nce ba\u015flam\u0131\u015f olan organik kiraz yeti\u015ftiricili\u011finin yan\u0131nda \u015fu anda organik zeytin \u00fcretimi i\u00e7in \u00e7al\u0131\u015fmalar yap\u0131l\u0131yor. B\u00f6lgenin ihtiyac\u0131 olan hem ya\u011fhanenin yap\u0131lmas\u0131nda hem \u00fcr\u00fcnlerin sat\u0131lmas\u0131 yeni pazarlar\u0131n olu\u015fturulmas\u0131nda sa\u011flayaca\u011f\u0131m\u0131z katk\u0131lar\u0131n yan\u0131 s\u0131ra, buralara yapaca\u011f\u0131m\u0131z yat\u0131r\u0131mlarla, \u00e7ar\u015f\u0131larla k\u00f6ylerimizin ekonomik olarak kalk\u0131nmas\u0131n\u0131 ger\u00e7ekle\u015ftirmeye \u00e7al\u0131\u015f\u0131yor. Muhtar istekli, vatanda\u015flar\u0131m\u0131z istekli. Biz de gereken deste\u011fi yap\u0131p organik tar\u0131m \u00fcretiminin geli\u015fmesini destekleyece\u011fiz.\u0094 dedi.<h3>Related Images:<\/h3>","protected":false},"excerpt":{"rendered":"<div class=\"mh-excerpt\"><p>\u0130zmir B\u00fcy\u00fck\u015fehir Belediye Ba\u015fkan\u0131 Aziz Kocao\u011flu, Buca\u0092n\u0131n Belenba\u015f\u0131 K\u00f6y\u00fc\u0092nde d\u00fczenlenen 3. Y\u00f6r\u00fck K\u00fclt\u00fcr\u00fcn\u00fc Tan\u0131tma ve Kiraz Festivali\u0092ne kat\u0131larak vatanda\u015flar\u0131n co\u015fkusuna ortak oldu. Vatanda\u015flarla birlikte zeybek <a class=\"mh-excerpt-more\" href=\"https:\/\/kentyasam.com.tr\/wp\/2007\/06\/04\/organik-tarim-desteklenecek\/\" title=\"Organik tar\u0131m desteklenecek\">[&#8230;]<\/a><\/p>\n<\/div>","protected":false},"author":1,"featured_media":0,"comment_status":"open","ping_status":"open","sticky":false,"template":"","format":"standard","meta":{"ngg_post_thumbnail":0,"footnotes":""},"categories":[1],"tags":[],"_links":{"self":[{"href":"https:\/\/kentyasam.com.tr\/wp\/wp-json\/wp\/v2\/posts\/8915"}],"collection":[{"href":"https:\/\/kentyasam.com.tr\/wp\/wp-json\/wp\/v2\/posts"}],"about":[{"href":"https:\/\/kentyasam.com.tr\/wp\/wp-json\/wp\/v2\/types\/post"}],"author":[{"embeddable":true,"href":"https:\/\/kentyasam.com.tr\/wp\/wp-json\/wp\/v2\/users\/1"}],"replies":[{"embeddable":true,"href":"https:\/\/kentyasam.com.tr\/wp\/wp-json\/wp\/v2\/comments?post=8915"}],"version-history":[{"count":0,"href":"https:\/\/kentyasam.com.tr\/wp\/wp-json\/wp\/v2\/posts\/8915\/revisions"}],"wp:attachment":[{"href":"https:\/\/kentyasam.com.tr\/wp\/wp-json\/wp\/v2\/media?parent=8915"}],"wp:term":[{"taxonomy":"category","embeddable":true,"href":"https:\/\/kentyasam.com.tr\/wp\/wp-json\/wp\/v2\/categories?post=8915"},{"taxonomy":"post_tag","embeddable":true,"href":"https:\/\/kentyasam.com.tr\/wp\/wp-json\/wp\/v2\/tags?post=8915"}],"curies":[{"name":"wp","href":"https:\/\/api.w.org\/{rel}","templated":true}]}}