{"id":8909,"date":"2007-06-01T00:00:00","date_gmt":"2007-06-01T00:00:00","guid":{"rendered":"http:\/\/kentyasam.com.tr\/wp\/?p=8909"},"modified":"2007-06-01T00:00:00","modified_gmt":"2007-06-01T00:00:00","slug":"westfalya-izmir-dostlugu","status":"publish","type":"post","link":"https:\/\/kentyasam.com.tr\/wp\/2007\/06\/01\/westfalya-izmir-dostlugu\/","title":{"rendered":"Westfalya &#8211; \u0130zmir dostlu\u011fu"},"content":{"rendered":"\u0130zmir B\u00fcy\u00fck\u015fehir Belediye Ba\u015fkan\u0131 Aziz Kocao\u011flu, T\u00fcrkiye Ara\u015ft\u0131rmalar Merkezi Vakf\u0131 organizasyonu ile \u0130zmir&#8217;e gelen Kuzey Ren Westfalya Eyaleti Parlamentosu \u0130mar ve Ula\u015f\u0131m Komusyonu \u00fcyelerini \u00c7etin Eme\u00e7 Toplant\u0131 Salonu&#8217;nda a\u011f\u0131rlad\u0131. Alman heyete, \u0130zmir B\u00fcy\u00fck\u015fehir Belediyesi Ula\u015f\u0131m Daire Ba\u015fkan\u0131 Ali R\u0131za G\u00fclerman taraf\u0131ndan kentin ula\u015f\u0131m plan ve projeleri hakk\u0131nda bir sunum ger\u00e7ekle\u015ftirildi. Kocao\u011flu, Alman heyetten \u0130zmir&#8217;in EXPO 2015 adayl\u0131\u011f\u0131na destek vermelerini isterken, Alman giri\u015fimcileri de \u00f6zellikle turizm alan\u0131nda yat\u0131r\u0131m yapmak \u00fczere kente davet etti. Aziz Kocao\u011flu, &#8220;2015 EXPO aday\u0131 olan kentimiz 2008&#8217;de yap\u0131lacak oylamada ipi g\u00f6\u011f\u00fcsledi\u011finde ise yat\u0131r\u0131m cazibesi kat kat aratacakt\u0131r. Sizlerden, EXPO s\u00fcrecinde \u0130zmir&#8217;e destek vermenizi diliyorum&#8221; dedi. Kuzey Ren Westfalya Eyaleti \u0130mar ve Ula\u015f\u0131m Komisyonu Ba\u015fkan\u0131 Wolfgang R\u00f6cken de, T\u00fcrkiye ile Kuzey Ren Westfalya Eyaleti aras\u0131nda varolan ili\u015fkilerin daha da geli\u015ftirilmesini ama\u00e7lad\u0131klar\u0131n\u0131 s\u00f6yledi.  R\u00f6cken, &#8220;Biz de 2015 EXPO aday\u0131 \u0130zmir&#8217;e destek veriyoruz ve ba\u015far\u0131lar diliyoruz&#8221; diye konu\u015ftu. <h3>Related Images:<\/h3>","protected":false},"excerpt":{"rendered":"<div class=\"mh-excerpt\"><p>\u0130zmir B\u00fcy\u00fck\u015fehir Belediye Ba\u015fkan\u0131 Aziz Kocao\u011flu, T\u00fcrkiye Ara\u015ft\u0131rmalar Merkezi Vakf\u0131 organizasyonu ile \u0130zmir&#8217;e gelen Kuzey Ren Westfalya Eyaleti Parlamentosu \u0130mar ve Ula\u015f\u0131m Komusyonu \u00fcyelerini \u00c7etin <a class=\"mh-excerpt-more\" href=\"https:\/\/kentyasam.com.tr\/wp\/2007\/06\/01\/westfalya-izmir-dostlugu\/\" title=\"Westfalya &#8211; \u0130zmir dostlu\u011fu\">[&#8230;]<\/a><\/p>\n<\/div>","protected":false},"author":1,"featured_media":33495,"comment_status":"open","ping_status":"open","sticky":false,"template":"","format":"standard","meta":{"ngg_post_thumbnail":0,"footnotes":""},"categories":[1],"tags":[],"_links":{"self":[{"href":"https:\/\/kentyasam.com.tr\/wp\/wp-json\/wp\/v2\/posts\/8909"}],"collection":[{"href":"https:\/\/kentyasam.com.tr\/wp\/wp-json\/wp\/v2\/posts"}],"about":[{"href":"https:\/\/kentyasam.com.tr\/wp\/wp-json\/wp\/v2\/types\/post"}],"author":[{"embeddable":true,"href":"https:\/\/kentyasam.com.tr\/wp\/wp-json\/wp\/v2\/users\/1"}],"replies":[{"embeddable":true,"href":"https:\/\/kentyasam.com.tr\/wp\/wp-json\/wp\/v2\/comments?post=8909"}],"version-history":[{"count":0,"href":"https:\/\/kentyasam.com.tr\/wp\/wp-json\/wp\/v2\/posts\/8909\/revisions"}],"wp:featuredmedia":[{"embeddable":true,"href":"https:\/\/kentyasam.com.tr\/wp\/wp-json\/wp\/v2\/media\/33495"}],"wp:attachment":[{"href":"https:\/\/kentyasam.com.tr\/wp\/wp-json\/wp\/v2\/media?parent=8909"}],"wp:term":[{"taxonomy":"category","embeddable":true,"href":"https:\/\/kentyasam.com.tr\/wp\/wp-json\/wp\/v2\/categories?post=8909"},{"taxonomy":"post_tag","embeddable":true,"href":"https:\/\/kentyasam.com.tr\/wp\/wp-json\/wp\/v2\/tags?post=8909"}],"curies":[{"name":"wp","href":"https:\/\/api.w.org\/{rel}","templated":true}]}}