{"id":8873,"date":"2007-05-30T00:00:00","date_gmt":"2007-05-30T00:00:00","guid":{"rendered":"http:\/\/kentyasam.com.tr\/wp\/?p=8873"},"modified":"2007-05-30T00:00:00","modified_gmt":"2007-05-30T00:00:00","slug":"karacigeriyle-kaynanasina-sifa-verdi","status":"publish","type":"post","link":"https:\/\/kentyasam.com.tr\/wp\/2007\/05\/30\/karacigeriyle-kaynanasina-sifa-verdi\/","title":{"rendered":"Karaci\u011feriyle kaynanas\u0131na \u015fifa verdi"},"content":{"rendered":"Ege \u00dcniversitesi T\u0131p Fak\u00fcltesi&#8217;nde ger\u00e7ekle\u015ftirilen bir nakille Adanal\u0131 Fatih Kelemen (29), kay\u0131nvalidesi Medine Kolu\u00e7olak&#8217;a (59) karaci\u011feriyle \u015fifa verdi. Kendisine uzun y\u0131llar \u00f6nce Hepatit C te\u015fhisi kondu\u011funu a\u00e7\u0131klayan 43 y\u0131ll\u0131k evli ve sekiz \u00e7ocuk annesi Medine Kolu\u00e7olak, son iki y\u0131ld\u0131r Ege \u00dcniversitesi&#8217;nde tedavi g\u00f6rd\u00fc\u011f\u00fcn\u00fc, son yedi ayd\u0131r da nakil i\u00e7in organ bekledi\u011fini s\u00f6yledi. Kolu\u00e7olak, &#8220;Kadavra i\u00e7in s\u0131raya yaz\u0131lm\u0131\u015ft\u0131k. Ancak uygun organ \u00e7\u0131kmay\u0131nca canl\u0131dan nakile karar verildi. \u0130lk olarak bir k\u0131z\u0131m, ancak testler olumlu \u00e7\u0131kmay\u0131nca damad\u0131m Fatih g\u00f6n\u00fcll\u00fc oldu. Test sonu\u00e7lar\u0131 da pozitif \u00e7\u0131k\u0131nca nakile karar verildi&#8221; diye konu\u015ftu. Kaynanas\u0131n\u0131 sa\u011fl\u0131\u011f\u0131na kavu\u015fturaca\u011f\u0131 i\u00e7in \u00e7ok mutlu oldu\u011funu dile getiren \u00fc\u00e7 y\u0131l\u0131lk evli ve tek \u00e7ocuk babas\u0131 Fatih Kelemen, &#8220;Kaynanam\u0131 \u00e7ok seviyorum. O bunu hak ediyor. Tek iste\u011fim bir an \u00f6nce iyile\u015ferek sa\u011fl\u0131\u011f\u0131na kavu\u015fmas\u0131&#8221; diye konu\u015ftu. Ege \u00dcniversitesi&#8217;ndeki nakil Do\u00e7. Dr. Murat K\u0131l\u0131\u00e7, Do\u00e7. Dr. Murat Zeytunlu ve Plastik Cerrahi&#8217;den Prof. Dr. Mehmet Alper ba\u015fkanl\u0131\u011f\u0131ndaki ekip taraf\u0131ndan ger\u00e7ekle\u015ftirildi. (Ege Ajans)<h3>Related Images:<\/h3>","protected":false},"excerpt":{"rendered":"<div class=\"mh-excerpt\"><p>Ege \u00dcniversitesi T\u0131p Fak\u00fcltesi&#8217;nde ger\u00e7ekle\u015ftirilen bir nakille Adanal\u0131 Fatih Kelemen (29), kay\u0131nvalidesi Medine Kolu\u00e7olak&#8217;a (59) karaci\u011feriyle \u015fifa verdi. Kendisine uzun y\u0131llar \u00f6nce Hepatit C te\u015fhisi <a class=\"mh-excerpt-more\" href=\"https:\/\/kentyasam.com.tr\/wp\/2007\/05\/30\/karacigeriyle-kaynanasina-sifa-verdi\/\" title=\"Karaci\u011feriyle kaynanas\u0131na \u015fifa verdi\">[&#8230;]<\/a><\/p>\n<\/div>","protected":false},"author":1,"featured_media":33464,"comment_status":"open","ping_status":"open","sticky":false,"template":"","format":"standard","meta":{"ngg_post_thumbnail":0,"footnotes":""},"categories":[1],"tags":[],"_links":{"self":[{"href":"https:\/\/kentyasam.com.tr\/wp\/wp-json\/wp\/v2\/posts\/8873"}],"collection":[{"href":"https:\/\/kentyasam.com.tr\/wp\/wp-json\/wp\/v2\/posts"}],"about":[{"href":"https:\/\/kentyasam.com.tr\/wp\/wp-json\/wp\/v2\/types\/post"}],"author":[{"embeddable":true,"href":"https:\/\/kentyasam.com.tr\/wp\/wp-json\/wp\/v2\/users\/1"}],"replies":[{"embeddable":true,"href":"https:\/\/kentyasam.com.tr\/wp\/wp-json\/wp\/v2\/comments?post=8873"}],"version-history":[{"count":0,"href":"https:\/\/kentyasam.com.tr\/wp\/wp-json\/wp\/v2\/posts\/8873\/revisions"}],"wp:featuredmedia":[{"embeddable":true,"href":"https:\/\/kentyasam.com.tr\/wp\/wp-json\/wp\/v2\/media\/33464"}],"wp:attachment":[{"href":"https:\/\/kentyasam.com.tr\/wp\/wp-json\/wp\/v2\/media?parent=8873"}],"wp:term":[{"taxonomy":"category","embeddable":true,"href":"https:\/\/kentyasam.com.tr\/wp\/wp-json\/wp\/v2\/categories?post=8873"},{"taxonomy":"post_tag","embeddable":true,"href":"https:\/\/kentyasam.com.tr\/wp\/wp-json\/wp\/v2\/tags?post=8873"}],"curies":[{"name":"wp","href":"https:\/\/api.w.org\/{rel}","templated":true}]}}