{"id":8863,"date":"2007-05-24T00:00:00","date_gmt":"2007-05-24T00:00:00","guid":{"rendered":"http:\/\/kentyasam.com.tr\/wp\/?p=8863"},"modified":"2007-05-24T00:00:00","modified_gmt":"2007-05-24T00:00:00","slug":"sanat-tarihi-ogrenci-kongresi-efsanelerle-renklendi","status":"publish","type":"post","link":"https:\/\/kentyasam.com.tr\/wp\/2007\/05\/24\/sanat-tarihi-ogrenci-kongresi-efsanelerle-renklendi\/","title":{"rendered":"Sanat Tarihi \u00d6\u011frenci Kongresi efsanelerle renklendi"},"content":{"rendered":"Ege \u00dcniversitesi Edebiyat Fak\u00fcltesi \u00f6\u011frencileri taraf\u0131ndan d\u00fczenlenen &#8220;2. Ulusal Sanat Tarihi \u00d6\u011frencileri Kongresi,&#8217;nde \u0130stanbul \u00dcniversitesi Sanat Tarihi B\u00f6l\u00fcm\u00fc \u00fc\u00e7\u00fcnc\u00fc s\u0131n\u0131f \u00f6\u011frencisi Polen Uslupehlivan &#8220;Adem ve Havva Resimlerinin (\u0130lk G\u00fcnah) Lilith Efsanesiyle \u0130li\u015fkilendirilmesi&#8221; konulu sunum yapt\u0131. \u0130lgili resimlerin hemen hemen hepsinde Hristiyanl\u0131k ve M\u00fcsl\u00fcmanl\u0131k gibi semavi dinlerin d\u0131\u015f\u0131nda Lillith Efsanesi&#8217;nin Adem ve Havva resimlerine dikkatli bak\u0131ld\u0131\u011f\u0131nda ili\u015fkinin g\u00f6zlerden ka\u00e7mad\u0131\u011f\u0131n\u0131 belirten Uslupehlivan, &#8220;Resimlerde bulunan baz\u0131 fig\u00fcrlerin Lillith Efsanesi ile ilgili bir \u00e7ok bulguyu ortaya koymaktad\u0131r&#8221;dedi. Resimlerin bir \u00e7o\u011funda efsaneye g\u00f6re Havva&#8217;dan \u00f6nce Adem&#8217;in sevgilisi olan Lillith ve Yasak Elma fig\u00fcrlerinin yer ald\u0131\u011f\u0131na de\u011finen Uslupehlivan, &#8220;Lillith fig\u00fcr\u00fc resimlerde yar\u0131 y\u0131lan yar\u0131 insan \u015feklindedir ve Lillith, Havva&#8217;ya benzemektedir. Efsaneye g\u00f6re Adem Havva&#8217;y\u0131 Lillith&#8217;e benzedi\u011fi i\u00e7in sevmektedir&#8221; diye konu\u015ftu. (Ege Ajans)<h3>Related Images:<\/h3>","protected":false},"excerpt":{"rendered":"<div class=\"mh-excerpt\"><p>Ege \u00dcniversitesi Edebiyat Fak\u00fcltesi \u00f6\u011frencileri taraf\u0131ndan d\u00fczenlenen &#8220;2. Ulusal Sanat Tarihi \u00d6\u011frencileri Kongresi,&#8217;nde \u0130stanbul \u00dcniversitesi Sanat Tarihi B\u00f6l\u00fcm\u00fc \u00fc\u00e7\u00fcnc\u00fc s\u0131n\u0131f \u00f6\u011frencisi Polen Uslupehlivan &#8220;Adem ve <a class=\"mh-excerpt-more\" href=\"https:\/\/kentyasam.com.tr\/wp\/2007\/05\/24\/sanat-tarihi-ogrenci-kongresi-efsanelerle-renklendi\/\" title=\"Sanat Tarihi \u00d6\u011frenci Kongresi efsanelerle renklendi\">[&#8230;]<\/a><\/p>\n<\/div>","protected":false},"author":1,"featured_media":33455,"comment_status":"open","ping_status":"open","sticky":false,"template":"","format":"standard","meta":{"ngg_post_thumbnail":0,"footnotes":""},"categories":[1],"tags":[],"_links":{"self":[{"href":"https:\/\/kentyasam.com.tr\/wp\/wp-json\/wp\/v2\/posts\/8863"}],"collection":[{"href":"https:\/\/kentyasam.com.tr\/wp\/wp-json\/wp\/v2\/posts"}],"about":[{"href":"https:\/\/kentyasam.com.tr\/wp\/wp-json\/wp\/v2\/types\/post"}],"author":[{"embeddable":true,"href":"https:\/\/kentyasam.com.tr\/wp\/wp-json\/wp\/v2\/users\/1"}],"replies":[{"embeddable":true,"href":"https:\/\/kentyasam.com.tr\/wp\/wp-json\/wp\/v2\/comments?post=8863"}],"version-history":[{"count":0,"href":"https:\/\/kentyasam.com.tr\/wp\/wp-json\/wp\/v2\/posts\/8863\/revisions"}],"wp:featuredmedia":[{"embeddable":true,"href":"https:\/\/kentyasam.com.tr\/wp\/wp-json\/wp\/v2\/media\/33455"}],"wp:attachment":[{"href":"https:\/\/kentyasam.com.tr\/wp\/wp-json\/wp\/v2\/media?parent=8863"}],"wp:term":[{"taxonomy":"category","embeddable":true,"href":"https:\/\/kentyasam.com.tr\/wp\/wp-json\/wp\/v2\/categories?post=8863"},{"taxonomy":"post_tag","embeddable":true,"href":"https:\/\/kentyasam.com.tr\/wp\/wp-json\/wp\/v2\/tags?post=8863"}],"curies":[{"name":"wp","href":"https:\/\/api.w.org\/{rel}","templated":true}]}}