{"id":8832,"date":"2007-05-26T00:00:00","date_gmt":"2007-05-26T00:00:00","guid":{"rendered":"http:\/\/kentyasam.com.tr\/wp\/?p=8832"},"modified":"2007-05-26T00:00:00","modified_gmt":"2007-05-26T00:00:00","slug":"haber-alma-ozgurlugu-sergisi","status":"publish","type":"post","link":"https:\/\/kentyasam.com.tr\/wp\/2007\/05\/26\/haber-alma-ozgurlugu-sergisi\/","title":{"rendered":"Haber Alma \u00d6zg\u00fcrl\u00fc\u011f\u00fc Sergisi"},"content":{"rendered":"Soyer K\u00fclt\u00fcr Sanat Fabrikas\u0131 (SKSF), Dokuz Eyl\u00fcl \u00dcniversitesi (DE\u00dc) G\u00fczel Sanatlar Fak\u00fcltesi Grafik B\u00f6l\u00fcm\u00fc\u0092nce yedincisi d\u00fczenlenen Gen\u00e7 Beyin F\u0131rt\u0131nas\u0131 Yar\u0131\u015fmas\u0131\u0092nda dereceye giren grafik tasar\u0131mlar\u0131n\u0131n yer ald\u0131\u011f\u0131 sergiye (Grafeel) ev sahipli\u011fi yap\u0131yor. Sergide alt\u0131\u015far ki\u015fiden olu\u015fan ekiplerin \u0093Bireyin Anayasal Hakk\u0131 Olan Haber Alma \u00d6zg\u00fcrl\u00fc\u011f\u00fcn\u00fcn Devaml\u0131l\u0131\u011f\u0131 \u0130\u00e7in Toplumsal Bilin\u00e7 Yaratmak\u0094 konusunda yapt\u0131klar\u0131 tasar\u0131mlar da yer al\u0131yor. Ay sonuna dek a\u00e7\u0131k kalacak olan serginin a\u00e7\u0131l\u0131\u015f\u0131nda konu\u015fan SKSF \u0130cra Kurulu Ba\u015fkan\u0131 Mehmet Refik Soyer, \u0093Gen\u00e7lerimiz ya\u015fam\u0131n her alan\u0131nda ba\u015far\u0131l\u0131 i\u015fler yapmaktad\u0131rlar. Buras\u0131 eski bir c\u0131vata fabrikas\u0131ndan k\u00fclt\u00fcr sanat fabrikas\u0131na d\u00f6n\u00fc\u015ft\u00fcr\u00fclm\u00fc\u015ft\u00fcr. Buras\u0131n\u0131n kap\u0131s\u0131 k\u00fclt\u00fcr ve sanatla ilgilenen t\u00fcm gen\u00e7lerimize a\u00e7\u0131kt\u0131r. Amac\u0131m\u0131z \u00e7a\u011fda\u015f T\u00fcrkiye\u0092nin sa\u011flam temellerine bir \u00f6l\u00e7\u00fcde katk\u0131da bulunmakt\u0131r.\u0094 dedi.<h3>Related Images:<\/h3>","protected":false},"excerpt":{"rendered":"<div class=\"mh-excerpt\"><p>Soyer K\u00fclt\u00fcr Sanat Fabrikas\u0131 (SKSF), Dokuz Eyl\u00fcl \u00dcniversitesi (DE\u00dc) G\u00fczel Sanatlar Fak\u00fcltesi Grafik B\u00f6l\u00fcm\u00fc\u0092nce yedincisi d\u00fczenlenen Gen\u00e7 Beyin F\u0131rt\u0131nas\u0131 Yar\u0131\u015fmas\u0131\u0092nda dereceye giren grafik tasar\u0131mlar\u0131n\u0131n yer <a class=\"mh-excerpt-more\" href=\"https:\/\/kentyasam.com.tr\/wp\/2007\/05\/26\/haber-alma-ozgurlugu-sergisi\/\" title=\"Haber Alma \u00d6zg\u00fcrl\u00fc\u011f\u00fc Sergisi\">[&#8230;]<\/a><\/p>\n<\/div>","protected":false},"author":1,"featured_media":33427,"comment_status":"open","ping_status":"open","sticky":false,"template":"","format":"standard","meta":{"ngg_post_thumbnail":0,"footnotes":""},"categories":[1],"tags":[],"_links":{"self":[{"href":"https:\/\/kentyasam.com.tr\/wp\/wp-json\/wp\/v2\/posts\/8832"}],"collection":[{"href":"https:\/\/kentyasam.com.tr\/wp\/wp-json\/wp\/v2\/posts"}],"about":[{"href":"https:\/\/kentyasam.com.tr\/wp\/wp-json\/wp\/v2\/types\/post"}],"author":[{"embeddable":true,"href":"https:\/\/kentyasam.com.tr\/wp\/wp-json\/wp\/v2\/users\/1"}],"replies":[{"embeddable":true,"href":"https:\/\/kentyasam.com.tr\/wp\/wp-json\/wp\/v2\/comments?post=8832"}],"version-history":[{"count":0,"href":"https:\/\/kentyasam.com.tr\/wp\/wp-json\/wp\/v2\/posts\/8832\/revisions"}],"wp:featuredmedia":[{"embeddable":true,"href":"https:\/\/kentyasam.com.tr\/wp\/wp-json\/wp\/v2\/media\/33427"}],"wp:attachment":[{"href":"https:\/\/kentyasam.com.tr\/wp\/wp-json\/wp\/v2\/media?parent=8832"}],"wp:term":[{"taxonomy":"category","embeddable":true,"href":"https:\/\/kentyasam.com.tr\/wp\/wp-json\/wp\/v2\/categories?post=8832"},{"taxonomy":"post_tag","embeddable":true,"href":"https:\/\/kentyasam.com.tr\/wp\/wp-json\/wp\/v2\/tags?post=8832"}],"curies":[{"name":"wp","href":"https:\/\/api.w.org\/{rel}","templated":true}]}}