{"id":8799,"date":"2007-05-24T00:00:00","date_gmt":"2007-05-24T00:00:00","guid":{"rendered":"http:\/\/kentyasam.com.tr\/wp\/?p=8799"},"modified":"2007-05-24T00:00:00","modified_gmt":"2007-05-24T00:00:00","slug":"tanju-okan-urla-da-anildi","status":"publish","type":"post","link":"https:\/\/kentyasam.com.tr\/wp\/2007\/05\/24\/tanju-okan-urla-da-anildi\/","title":{"rendered":"Tanju Okan Urla&#8217;da an\u0131ld\u0131"},"content":{"rendered":"Ses sanat\u00e7\u0131s\u0131 Tanju Okan, \u00f6l\u00fcm\u00fcn\u00fcn 11. y\u0131l\u0131nda Urla\u0092da an\u0131ld\u0131. \u0130zmir\u0092i Sevenler Platformu ve Urla Belediyesi i\u015fbirli\u011fiyle d\u00fczenlenen anma t\u00f6renine \u00e7ok say\u0131da seveni kat\u0131ld\u0131. \u0130lk olarak \u0130skele mezarl\u0131\u011f\u0131nda sanat\u00e7\u0131n\u0131n kabristan\u0131 ba\u015f\u0131nda dualar okuyan sevenleri daha sonra sanat\u00e7\u0131n\u0131n an\u0131s\u0131na yapt\u0131r\u0131lan heykeli ba\u015f\u0131nda bir araya geldi. \u0130zmir\u0092i Sevenler Platformu Ba\u015fkan\u0131 Sancar Maruflu, Tanju Okan\u0092\u0131n bir Urla a\u015f\u0131\u011f\u0131 oldu\u011funu s\u00f6yleyerek \u0093Tanju Baba, Urla\u0092y\u0131 ve Urlal\u0131lar\u0131 \u00e7ok severdi. 1973 y\u0131l\u0131nda Urla\u0092ya yerle\u015fti ve Urla\u0092n\u0131n ad\u0131n\u0131 d\u00fcnyaya duyurdu. Urlal\u0131lar da Tanju babalar\u0131na her zaman sahip \u00e7\u0131kt\u0131lar. Unutmad\u0131lar, unutturmad\u0131lar.\u0094 dedi. Urla Belediye Ba\u015fkan\u0131 M. Sel\u00e7uk Karaosmano\u011flu da, Tanju Okan\u0092\u0131n bir halk adam\u0131 oldu\u011funu s\u00f6yleyerek \u0093Tanju Okan, halk\u0131n i\u00e7inde insanlarla birlikte olmay\u0131 seven, sanat\u00e7\u0131 kaprisi olmayan bir ki\u015fiydi. Bu ki\u015fili\u011fiyle Urlal\u0131lar\u0131n g\u00f6nl\u00fcnde taht kurdu. Sanat\u00e7\u0131lar toplumda ayr\u0131cal\u0131kl\u0131 insanlard\u0131r. Tanju Okan da bu sanat\u00e7\u0131lardand\u0131r. Urlam\u0131za sahip \u00e7\u0131km\u0131\u015f, Urlal\u0131\u0092n\u0131n sahip \u00e7\u0131kt\u0131\u011f\u0131 \u00e7ok b\u00fcy\u00fck bir sestir. Bizler de onu hi\u00e7 unutmad\u0131k ve unutturmad\u0131k. Kendisini aram\u0131zdan ayr\u0131l\u0131\u015f\u0131n\u0131n 11. y\u0131l\u0131nda sayg\u0131yla an\u0131yorum.\u0094 dedi.<h3>Related Images:<\/h3>","protected":false},"excerpt":{"rendered":"<div class=\"mh-excerpt\"><p>Ses sanat\u00e7\u0131s\u0131 Tanju Okan, \u00f6l\u00fcm\u00fcn\u00fcn 11. y\u0131l\u0131nda Urla\u0092da an\u0131ld\u0131. \u0130zmir\u0092i Sevenler Platformu ve Urla Belediyesi i\u015fbirli\u011fiyle d\u00fczenlenen anma t\u00f6renine \u00e7ok say\u0131da seveni kat\u0131ld\u0131. \u0130lk olarak <a class=\"mh-excerpt-more\" href=\"https:\/\/kentyasam.com.tr\/wp\/2007\/05\/24\/tanju-okan-urla-da-anildi\/\" title=\"Tanju Okan Urla&#8217;da an\u0131ld\u0131\">[&#8230;]<\/a><\/p>\n<\/div>","protected":false},"author":1,"featured_media":33403,"comment_status":"open","ping_status":"open","sticky":false,"template":"","format":"standard","meta":{"ngg_post_thumbnail":0,"footnotes":""},"categories":[1],"tags":[],"_links":{"self":[{"href":"https:\/\/kentyasam.com.tr\/wp\/wp-json\/wp\/v2\/posts\/8799"}],"collection":[{"href":"https:\/\/kentyasam.com.tr\/wp\/wp-json\/wp\/v2\/posts"}],"about":[{"href":"https:\/\/kentyasam.com.tr\/wp\/wp-json\/wp\/v2\/types\/post"}],"author":[{"embeddable":true,"href":"https:\/\/kentyasam.com.tr\/wp\/wp-json\/wp\/v2\/users\/1"}],"replies":[{"embeddable":true,"href":"https:\/\/kentyasam.com.tr\/wp\/wp-json\/wp\/v2\/comments?post=8799"}],"version-history":[{"count":0,"href":"https:\/\/kentyasam.com.tr\/wp\/wp-json\/wp\/v2\/posts\/8799\/revisions"}],"wp:featuredmedia":[{"embeddable":true,"href":"https:\/\/kentyasam.com.tr\/wp\/wp-json\/wp\/v2\/media\/33403"}],"wp:attachment":[{"href":"https:\/\/kentyasam.com.tr\/wp\/wp-json\/wp\/v2\/media?parent=8799"}],"wp:term":[{"taxonomy":"category","embeddable":true,"href":"https:\/\/kentyasam.com.tr\/wp\/wp-json\/wp\/v2\/categories?post=8799"},{"taxonomy":"post_tag","embeddable":true,"href":"https:\/\/kentyasam.com.tr\/wp\/wp-json\/wp\/v2\/tags?post=8799"}],"curies":[{"name":"wp","href":"https:\/\/api.w.org\/{rel}","templated":true}]}}