{"id":8794,"date":"2007-05-24T00:00:00","date_gmt":"2007-05-24T00:00:00","guid":{"rendered":"http:\/\/kentyasam.com.tr\/wp\/?p=8794"},"modified":"2007-05-24T00:00:00","modified_gmt":"2007-05-24T00:00:00","slug":"nevin-unal-in-resimleri-cetin-emec-te","status":"publish","type":"post","link":"https:\/\/kentyasam.com.tr\/wp\/2007\/05\/24\/nevin-unal-in-resimleri-cetin-emec-te\/","title":{"rendered":"Nevin \u00dcnal&#8217;\u0131n resimleri \u00c7etin Eme\u00e7&#8217;te"},"content":{"rendered":"Nevin \u00dcnal\u0092\u0131n resim sergisi, \u0130zmir B\u00fcy\u00fck\u015fehir Belediyesi \u00c7etin Eme\u00e7 Sanat Galerisi\u0092nde 25 May\u0131s 2007 saat 17.30\u0092da a\u00e7\u0131l\u0131yor. 1961 y\u0131l\u0131nda Karaman\u0092da do\u011fan Nevin \u00dcnal, 2000 y\u0131l\u0131nda A\u00e7\u0131k\u00f6\u011fretim Fak\u00fcltesi Halkla \u0130li\u015fkiler B\u00f6l\u00fcm\u00fc\u0092n\u00fc bitirdi. 1995\u0092te Kar\u015f\u0131yaka Belediyesi G\u00fczel Sanatlar Park\u0131 Celal Yetkin Resim At\u00f6lyesi\u0092nde resim \u00e7al\u0131\u015fmalar\u0131na ba\u015flayan \u00dcnal, be\u015f y\u0131l Celal Yetkin\u0092den soyut resim ve hat sanat\u0131 \u00fczerine ders ald\u0131. Bu zaman i\u00e7inde, ta\u015flardan desen \u00e7\u0131kararak tuvale aktaran Nevin \u00dcnal, daha sonra hat sanat\u0131 \u00fczerine ara\u015ft\u0131rmalar yapt\u0131. Ayla G\u00f6kdemir, Asl\u0131han \u00d6nal, \u0130nci Y\u00fczg\u00fcl \u00c7uhad\u0131r ile \u00e7al\u0131\u015fan \u00dcnal, 2002 y\u0131l\u0131ndan bug\u00fcne kadar foto\u011fraflar\u0131n\u0131 \u00e7ekti\u011fi ah\u015fap tekerlek ve eski kap\u0131lar\u0131 pent\u00fcrel anlay\u0131\u015fla tuvaline aktard\u0131. Sanat\u00e7\u0131, 2005 y\u0131l\u0131nda Grup-Mai ad\u0131yla kurduklar\u0131 be\u015f ki\u015filik bir ekibin \u00fcyesi olarak \u00e7al\u0131\u015fmalar\u0131n\u0131 halen kendi at\u00f6lyelerinde devam ettiriyor. Sergi, 10 Haziran 2007\u0092ye kadar g\u00f6r\u00fclebilecek.<h3>Related Images:<\/h3>","protected":false},"excerpt":{"rendered":"<div class=\"mh-excerpt\"><p>Nevin \u00dcnal\u0092\u0131n resim sergisi, \u0130zmir B\u00fcy\u00fck\u015fehir Belediyesi \u00c7etin Eme\u00e7 Sanat Galerisi\u0092nde 25 May\u0131s 2007 saat 17.30\u0092da a\u00e7\u0131l\u0131yor. 1961 y\u0131l\u0131nda Karaman\u0092da do\u011fan Nevin \u00dcnal, 2000 y\u0131l\u0131nda <a class=\"mh-excerpt-more\" href=\"https:\/\/kentyasam.com.tr\/wp\/2007\/05\/24\/nevin-unal-in-resimleri-cetin-emec-te\/\" title=\"Nevin \u00dcnal&#8217;\u0131n resimleri \u00c7etin Eme\u00e7&#8217;te\">[&#8230;]<\/a><\/p>\n<\/div>","protected":false},"author":1,"featured_media":33398,"comment_status":"open","ping_status":"open","sticky":false,"template":"","format":"standard","meta":{"ngg_post_thumbnail":0,"footnotes":""},"categories":[1],"tags":[],"_links":{"self":[{"href":"https:\/\/kentyasam.com.tr\/wp\/wp-json\/wp\/v2\/posts\/8794"}],"collection":[{"href":"https:\/\/kentyasam.com.tr\/wp\/wp-json\/wp\/v2\/posts"}],"about":[{"href":"https:\/\/kentyasam.com.tr\/wp\/wp-json\/wp\/v2\/types\/post"}],"author":[{"embeddable":true,"href":"https:\/\/kentyasam.com.tr\/wp\/wp-json\/wp\/v2\/users\/1"}],"replies":[{"embeddable":true,"href":"https:\/\/kentyasam.com.tr\/wp\/wp-json\/wp\/v2\/comments?post=8794"}],"version-history":[{"count":0,"href":"https:\/\/kentyasam.com.tr\/wp\/wp-json\/wp\/v2\/posts\/8794\/revisions"}],"wp:featuredmedia":[{"embeddable":true,"href":"https:\/\/kentyasam.com.tr\/wp\/wp-json\/wp\/v2\/media\/33398"}],"wp:attachment":[{"href":"https:\/\/kentyasam.com.tr\/wp\/wp-json\/wp\/v2\/media?parent=8794"}],"wp:term":[{"taxonomy":"category","embeddable":true,"href":"https:\/\/kentyasam.com.tr\/wp\/wp-json\/wp\/v2\/categories?post=8794"},{"taxonomy":"post_tag","embeddable":true,"href":"https:\/\/kentyasam.com.tr\/wp\/wp-json\/wp\/v2\/tags?post=8794"}],"curies":[{"name":"wp","href":"https:\/\/api.w.org\/{rel}","templated":true}]}}