{"id":8771,"date":"2007-05-22T00:00:00","date_gmt":"2007-05-22T00:00:00","guid":{"rendered":"http:\/\/kentyasam.com.tr\/wp\/?p=8771"},"modified":"2007-05-22T00:00:00","modified_gmt":"2007-05-22T00:00:00","slug":"ogrencilere-dil-pasaportu","status":"publish","type":"post","link":"https:\/\/kentyasam.com.tr\/wp\/2007\/05\/22\/ogrencilere-dil-pasaportu\/","title":{"rendered":"\u00d6\u011frencilere dil pasaportu"},"content":{"rendered":"\u0130zmir Ekonomi \u00dcniversitesi Yabanc\u0131 Diller Y\u00fcksekokulu Almanca Sertifika S\u0131navlar\u0131na Haz\u0131rl\u0131k Program\u0131\u0092n\u0131 ba\u015far\u0131 ile tamamlayan on iki \u00f6\u011frenciye dil pasaportu verildi. Avrupa Konseyi Dil Ge\u00e7erlilik Komitesi, AB \u00fclkeleri aras\u0131nda dil \u00f6\u011frenim standard\u0131 olu\u015fturmak ve \u00e7ok k\u00fclt\u00fcrl\u00fcl\u00fc\u011f\u00fc te\u015fvik etmek amac\u0131yla 2003 y\u0131l\u0131nda ba\u015flatt\u0131\u011f\u0131 \u0093Avrupa Dil Portfolyosu Projesi\u0094ne T\u00fcrkiye\u0092yi de dahil etti. Ki\u015filerin hangi dilleri ne d\u00fczeyde bildiklerini, bu dilleri nas\u0131l, ne kadar s\u00fcrede ve nerelerde \u00f6\u011frendiklerini ayr\u0131nt\u0131l\u0131 olarak g\u00f6steren Avrupa Dil Pasaportu, Avrupa Birli\u011fi \u00fclkelerinde serbest\u00e7e seyahat etme, oturma ve \u00e7al\u0131\u015fma haklar\u0131 kazand\u0131rmada b\u00fcy\u00fck kolayl\u0131klar sa\u011fl\u0131yor. Dil pasaportu sahiplerine vize i\u015flemleri, vatanda\u015fl\u0131k veya AB\u0092de e\u011fitim i\u00e7in ba\u015fvurularda \u00f6ncelik gibi ayr\u0131cal\u0131klar tan\u0131yor. \u0130E\u00dc Almanca Koordinat\u00f6r\u00fc Dr. B. Sevin\u00e7 Mesbah ve \u0130zmir Goethe Enstit\u00fcs\u00fc M\u00fcd\u00fcr\u00fc Werner Schmidt\u0092in ortak \u00e7al\u0131\u015fmalar\u0131 sonucunda, \u0093Avrupa Konseyi Yabanc\u0131 Diller Ortak Kriterleri\u0094 do\u011frultusunda Avrupa Konseyi E\u011fitim Komisyonu\u0092nca haz\u0131rlanm\u0131\u015f olan s\u00f6z konusu \u0093Dil Pasaportlar\u0131\u0094 \u0130zmir Ekonomi \u00dcniversitesi\u0092nde 12 \u00f6\u011frenciye verildi.<h3>Related Images:<\/h3>","protected":false},"excerpt":{"rendered":"<div class=\"mh-excerpt\"><p>\u0130zmir Ekonomi \u00dcniversitesi Yabanc\u0131 Diller Y\u00fcksekokulu Almanca Sertifika S\u0131navlar\u0131na Haz\u0131rl\u0131k Program\u0131\u0092n\u0131 ba\u015far\u0131 ile tamamlayan on iki \u00f6\u011frenciye dil pasaportu verildi. Avrupa Konseyi Dil Ge\u00e7erlilik Komitesi, <a class=\"mh-excerpt-more\" href=\"https:\/\/kentyasam.com.tr\/wp\/2007\/05\/22\/ogrencilere-dil-pasaportu\/\" title=\"\u00d6\u011frencilere dil pasaportu\">[&#8230;]<\/a><\/p>\n<\/div>","protected":false},"author":1,"featured_media":33379,"comment_status":"open","ping_status":"open","sticky":false,"template":"","format":"standard","meta":{"ngg_post_thumbnail":0,"footnotes":""},"categories":[1],"tags":[],"_links":{"self":[{"href":"https:\/\/kentyasam.com.tr\/wp\/wp-json\/wp\/v2\/posts\/8771"}],"collection":[{"href":"https:\/\/kentyasam.com.tr\/wp\/wp-json\/wp\/v2\/posts"}],"about":[{"href":"https:\/\/kentyasam.com.tr\/wp\/wp-json\/wp\/v2\/types\/post"}],"author":[{"embeddable":true,"href":"https:\/\/kentyasam.com.tr\/wp\/wp-json\/wp\/v2\/users\/1"}],"replies":[{"embeddable":true,"href":"https:\/\/kentyasam.com.tr\/wp\/wp-json\/wp\/v2\/comments?post=8771"}],"version-history":[{"count":0,"href":"https:\/\/kentyasam.com.tr\/wp\/wp-json\/wp\/v2\/posts\/8771\/revisions"}],"wp:featuredmedia":[{"embeddable":true,"href":"https:\/\/kentyasam.com.tr\/wp\/wp-json\/wp\/v2\/media\/33379"}],"wp:attachment":[{"href":"https:\/\/kentyasam.com.tr\/wp\/wp-json\/wp\/v2\/media?parent=8771"}],"wp:term":[{"taxonomy":"category","embeddable":true,"href":"https:\/\/kentyasam.com.tr\/wp\/wp-json\/wp\/v2\/categories?post=8771"},{"taxonomy":"post_tag","embeddable":true,"href":"https:\/\/kentyasam.com.tr\/wp\/wp-json\/wp\/v2\/tags?post=8771"}],"curies":[{"name":"wp","href":"https:\/\/api.w.org\/{rel}","templated":true}]}}