{"id":8615,"date":"2007-05-10T00:00:00","date_gmt":"2007-05-10T00:00:00","guid":{"rendered":"http:\/\/kentyasam.com.tr\/wp\/?p=8615"},"modified":"2007-05-10T00:00:00","modified_gmt":"2007-05-10T00:00:00","slug":"30-yilini-dolduran-eczacilara-plaket","status":"publish","type":"post","link":"https:\/\/kentyasam.com.tr\/wp\/2007\/05\/10\/30-yilini-dolduran-eczacilara-plaket\/","title":{"rendered":"30 y\u0131l\u0131n\u0131 dolduran eczac\u0131lara plaket"},"content":{"rendered":"\u0130zmir Eczac\u0131 Odas\u0131 taraf\u0131ndan &#8220;14 May\u0131s Eczac\u0131l\u0131k G\u00fcn\u00fc&#8221; kutlamalar\u0131 kapsam\u0131nda MMO Tepekule Kongre ve Sergi Merkezi&#8217;nde d\u00fczenlenen t\u00f6rende eczac\u0131l\u0131k mesle\u011finde 30 y\u0131l\u0131n\u0131 doldurmu\u015f \u00fcyelere plaket takdim edildi. \u0130zmir Eczac\u0131 Odas\u0131 Ba\u015fkan\u0131 Tuncay Say\u0131lkan, Ege \u00dcniversitesi Eczac\u0131l\u0131k Fak\u00fcltesi Dekan\u0131 Varol Pabu\u00e7\u00e7uo\u011flu, Prof. Dr. Levent \u00dcst\u00fcnes ve \u00e7ok say\u0131da eczac\u0131n\u0131n kat\u0131ld\u0131\u011f\u0131 t\u00f6rende konu\u015fan \u0130zmir Eczac\u0131 Odas\u0131 Ba\u015fkan\u0131 Tuncay Say\u0131lkan, eczac\u0131l\u0131k g\u00fcnleri kapsam\u0131nda bir arada olmaktan mutluluk duydu\u011funu belirterek, eczac\u0131l\u0131k mesle\u011fine 30 y\u0131l\u0131n\u0131 veren \u00fcyelere plaket vermekten onur duydu\u011funu s\u00f6yledi. Eczac\u0131l\u0131k g\u00fcn\u00fc etkinli\u011fi kapsam\u0131nda ayr\u0131ca Prof. Dr. Levent \u00dcst\u00fcnes interaktif ila\u00e7 bilgi kayna\u011f\u0131 olan &#8220;Rx Media Pharma Kullan\u0131m\u0131&#8221; konulu bir sunum ger\u00e7ekle\u015ftirdi. \u00dcst\u00fcnes, kullan\u0131m\u0131 konusunda bilgi verdi\u011fi Rx Media Pharma interaktif ila\u00e7 bilgi kayna\u011f\u0131n\u0131n \u00e7ok karma\u015f\u0131k konularda eczac\u0131lara b\u00fcy\u00fck kolayl\u0131klar sa\u011flayacak bir sistem oldu\u011funu s\u00f6yledi.<h3>Related Images:<\/h3>","protected":false},"excerpt":{"rendered":"<div class=\"mh-excerpt\"><p>\u0130zmir Eczac\u0131 Odas\u0131 taraf\u0131ndan &#8220;14 May\u0131s Eczac\u0131l\u0131k G\u00fcn\u00fc&#8221; kutlamalar\u0131 kapsam\u0131nda MMO Tepekule Kongre ve Sergi Merkezi&#8217;nde d\u00fczenlenen t\u00f6rende eczac\u0131l\u0131k mesle\u011finde 30 y\u0131l\u0131n\u0131 doldurmu\u015f \u00fcyelere plaket <a class=\"mh-excerpt-more\" href=\"https:\/\/kentyasam.com.tr\/wp\/2007\/05\/10\/30-yilini-dolduran-eczacilara-plaket\/\" title=\"30 y\u0131l\u0131n\u0131 dolduran eczac\u0131lara plaket\">[&#8230;]<\/a><\/p>\n<\/div>","protected":false},"author":1,"featured_media":33254,"comment_status":"open","ping_status":"open","sticky":false,"template":"","format":"standard","meta":{"ngg_post_thumbnail":0,"footnotes":""},"categories":[1],"tags":[],"_links":{"self":[{"href":"https:\/\/kentyasam.com.tr\/wp\/wp-json\/wp\/v2\/posts\/8615"}],"collection":[{"href":"https:\/\/kentyasam.com.tr\/wp\/wp-json\/wp\/v2\/posts"}],"about":[{"href":"https:\/\/kentyasam.com.tr\/wp\/wp-json\/wp\/v2\/types\/post"}],"author":[{"embeddable":true,"href":"https:\/\/kentyasam.com.tr\/wp\/wp-json\/wp\/v2\/users\/1"}],"replies":[{"embeddable":true,"href":"https:\/\/kentyasam.com.tr\/wp\/wp-json\/wp\/v2\/comments?post=8615"}],"version-history":[{"count":0,"href":"https:\/\/kentyasam.com.tr\/wp\/wp-json\/wp\/v2\/posts\/8615\/revisions"}],"wp:featuredmedia":[{"embeddable":true,"href":"https:\/\/kentyasam.com.tr\/wp\/wp-json\/wp\/v2\/media\/33254"}],"wp:attachment":[{"href":"https:\/\/kentyasam.com.tr\/wp\/wp-json\/wp\/v2\/media?parent=8615"}],"wp:term":[{"taxonomy":"category","embeddable":true,"href":"https:\/\/kentyasam.com.tr\/wp\/wp-json\/wp\/v2\/categories?post=8615"},{"taxonomy":"post_tag","embeddable":true,"href":"https:\/\/kentyasam.com.tr\/wp\/wp-json\/wp\/v2\/tags?post=8615"}],"curies":[{"name":"wp","href":"https:\/\/api.w.org\/{rel}","templated":true}]}}