{"id":8592,"date":"2007-05-11T00:00:00","date_gmt":"2007-05-11T00:00:00","guid":{"rendered":"http:\/\/kentyasam.com.tr\/wp\/?p=8592"},"modified":"2007-05-11T00:00:00","modified_gmt":"2007-05-11T00:00:00","slug":"buyuksehir-bilisim-vadisi-icin-kollari-sivadi","status":"publish","type":"post","link":"https:\/\/kentyasam.com.tr\/wp\/2007\/05\/11\/buyuksehir-bilisim-vadisi-icin-kollari-sivadi\/","title":{"rendered":"B\u00fcy\u00fck\u015fehir \u0093Bili\u015fim Vadisi\u0094 i\u00e7in kollar\u0131 s\u0131vad\u0131"},"content":{"rendered":"Ege Gen\u00e7 \u0130\u015fadamlar\u0131 Derne\u011fi (EG\u0130AD) taraf\u0131ndan d\u00fczenlenen \u0093\u0130zmir Bili\u015fimle Kalk\u0131nacak\u0094 konulu toplant\u0131ya kat\u0131lan \u0130zmir B\u00fcy\u00fck\u015fehir Belediye Ba\u015fkan\u0131 Aziz Kocao\u011flu, Urla\u0092da \u00e7al\u0131\u015fmalar\u0131 s\u00fcren Teknopark projesi ile ilgili bilgi verdi. Ba\u015fkan Kocao\u011flu, \u0130zmir\u0092in her konuda y\u00fcksek potansiyelinin bulundu\u011funu, bili\u015fim konusunda da kentin en m\u00fckemmelini yapacak g\u00fc\u00e7te ve birikimde oldu\u011funu belirterek, \u0093Biz bu i\u015fi ba\u015far\u0131r\u0131z\u0094 dedi. Y\u00fcksek Teknoloji Enstit\u00fcs\u00fc ve \u0130zmir B\u00fcy\u00fck\u015fehir Belediyesi\u0092nin de i\u00e7inde bulundu\u011fu 20 kurumun ortak oldu\u011fu proje hakk\u0131nda konu\u015fan Kocao\u011flu, \u009320 kurulu\u015fun ortak oldu\u011fu, bizim de 1\/20 civar\u0131nda hisse ile yer almay\u0131 d\u00fc\u015f\u00fcnd\u00fc\u011f\u00fcm\u00fcz \u0091Bili\u015fim Vadisi\u0092 yahut \u0091Teknopark Alan\u0131\u0092 diyebilece\u011fimiz bir proje yap\u0131yoruz. Y\u00fcksek Teknoloji Enstit\u00fcs\u00fc\u0092n\u00fcn 39 bin d\u00f6n\u00fcm civar\u0131ndaki bir alan\u0131 i\u00e7erisinde, bu i\u015f i\u00e7in ayr\u0131lm\u0131\u015f 2 bin d\u00f6n\u00fcml\u00fck bir arazi var. \u0130ki ay kadar \u00f6nce, teknik arkada\u015flarla beraber alan\u0131 dola\u015ft\u0131k, yeri g\u00f6rd\u00fck. \u00dcniversitenin \u00f6\u011fretim \u00fcyeleri, planlama birimleriyle beraber bir \u00e7al\u0131\u015fma yap\u0131yoruz.\u0094 dedi. EG\u0130AD taraf\u0131ndan d\u00fczenlenen toplant\u0131ya,  Microsoft T\u00fcrkiye Genel M\u00fcd\u00fcr\u00fc \u00c7a\u011flayan Arkan ile HP T\u00fcrkiye Genel M\u00fcd\u00fcr\u00fc \u015eahin Tulga da kat\u0131ld\u0131.<h3>Related Images:<\/h3>","protected":false},"excerpt":{"rendered":"<div class=\"mh-excerpt\"><p>Ege Gen\u00e7 \u0130\u015fadamlar\u0131 Derne\u011fi (EG\u0130AD) taraf\u0131ndan d\u00fczenlenen \u0093\u0130zmir Bili\u015fimle Kalk\u0131nacak\u0094 konulu toplant\u0131ya kat\u0131lan \u0130zmir B\u00fcy\u00fck\u015fehir Belediye Ba\u015fkan\u0131 Aziz Kocao\u011flu, Urla\u0092da \u00e7al\u0131\u015fmalar\u0131 s\u00fcren Teknopark projesi ile <a class=\"mh-excerpt-more\" href=\"https:\/\/kentyasam.com.tr\/wp\/2007\/05\/11\/buyuksehir-bilisim-vadisi-icin-kollari-sivadi\/\" title=\"B\u00fcy\u00fck\u015fehir \u0093Bili\u015fim Vadisi\u0094 i\u00e7in kollar\u0131 s\u0131vad\u0131\">[&#8230;]<\/a><\/p>\n<\/div>","protected":false},"author":1,"featured_media":33237,"comment_status":"open","ping_status":"open","sticky":false,"template":"","format":"standard","meta":{"ngg_post_thumbnail":0,"footnotes":""},"categories":[1],"tags":[],"_links":{"self":[{"href":"https:\/\/kentyasam.com.tr\/wp\/wp-json\/wp\/v2\/posts\/8592"}],"collection":[{"href":"https:\/\/kentyasam.com.tr\/wp\/wp-json\/wp\/v2\/posts"}],"about":[{"href":"https:\/\/kentyasam.com.tr\/wp\/wp-json\/wp\/v2\/types\/post"}],"author":[{"embeddable":true,"href":"https:\/\/kentyasam.com.tr\/wp\/wp-json\/wp\/v2\/users\/1"}],"replies":[{"embeddable":true,"href":"https:\/\/kentyasam.com.tr\/wp\/wp-json\/wp\/v2\/comments?post=8592"}],"version-history":[{"count":0,"href":"https:\/\/kentyasam.com.tr\/wp\/wp-json\/wp\/v2\/posts\/8592\/revisions"}],"wp:featuredmedia":[{"embeddable":true,"href":"https:\/\/kentyasam.com.tr\/wp\/wp-json\/wp\/v2\/media\/33237"}],"wp:attachment":[{"href":"https:\/\/kentyasam.com.tr\/wp\/wp-json\/wp\/v2\/media?parent=8592"}],"wp:term":[{"taxonomy":"category","embeddable":true,"href":"https:\/\/kentyasam.com.tr\/wp\/wp-json\/wp\/v2\/categories?post=8592"},{"taxonomy":"post_tag","embeddable":true,"href":"https:\/\/kentyasam.com.tr\/wp\/wp-json\/wp\/v2\/tags?post=8592"}],"curies":[{"name":"wp","href":"https:\/\/api.w.org\/{rel}","templated":true}]}}