{"id":8538,"date":"2007-05-08T00:00:00","date_gmt":"2007-05-08T00:00:00","guid":{"rendered":"http:\/\/kentyasam.com.tr\/wp\/?p=8538"},"modified":"2007-05-08T00:00:00","modified_gmt":"2007-05-08T00:00:00","slug":"su-degerlidir-kampanyasi-buyuyor","status":"publish","type":"post","link":"https:\/\/kentyasam.com.tr\/wp\/2007\/05\/08\/su-degerlidir-kampanyasi-buyuyor\/","title":{"rendered":"&#8220;Su De\u011ferlidir&#8221; kampanyas\u0131 b\u00fcy\u00fcyor"},"content":{"rendered":"\u0130zmir B\u00fcy\u00fck\u015fehir Belediyesi taraf\u0131ndan su kaynaklar\u0131n\u0131n etkin kullan\u0131m\u0131 amac\u0131yla &#8220;Su de\u011ferlidir, ak\u0131p gitmesin&#8221; ve &#8220;Su hayatt\u0131r, bo\u015fa harcamay\u0131n&#8221; sloganlar\u0131yla ba\u015flat\u0131lan kampanya, toplumun t\u00fcm kesimlerine yay\u0131l\u0131yor. Okullar, hastaneler ve toplu ula\u015f\u0131m ara\u00e7lar\u0131 ba\u015fta olmak \u00fczere, her yer suyun nas\u0131l tasarruflu kullan\u0131lmas\u0131 gerekti\u011fini anlatan bro\u015f\u00fcr ve \u00e7\u0131kartmalarla donat\u0131l\u0131yor. Su tasarrufuna ili\u015fkin kampanyaya \u00f6zellikle gen\u00e7ler b\u00fcy\u00fck ilgi g\u00f6steriyor. Kampanya \u00e7er\u00e7evesinde okullara gitmeye ba\u015flayan \u0130zmir B\u00fcy\u00fck\u015fehir Belediyesi ekipleri, haz\u0131rlanan afi\u015f, bro\u015f\u00fcr ve \u00e7\u0131kartmalar\u0131 da\u011f\u0131tarak minikleri ve gen\u00e7lerimizi su tasarrufu konusunda bilin\u00e7lendiriliyor. 15 g\u00fcnl\u00fck s\u00fcre i\u00e7inde Konak&#8217;taki b\u00fct\u00fcn ilk\u00f6\u011fretim okullar\u0131 ile liselere giden kampanya ekipleri, merkezdeki okul \u00e7al\u0131\u015fmalar\u0131n\u0131n s\u00fcrd\u00fc\u011f\u00fcn\u00fc ve bunun tamamlanmas\u0131n\u0131n ard\u0131ndan yeni il\u00e7e ve beldelerdeki \u00e7al\u0131\u015fmalar\u0131n ba\u015flat\u0131laca\u011f\u0131n\u0131 bildirdi. <h3>Related Images:<\/h3>","protected":false},"excerpt":{"rendered":"<div class=\"mh-excerpt\"><p>\u0130zmir B\u00fcy\u00fck\u015fehir Belediyesi taraf\u0131ndan su kaynaklar\u0131n\u0131n etkin kullan\u0131m\u0131 amac\u0131yla &#8220;Su de\u011ferlidir, ak\u0131p gitmesin&#8221; ve &#8220;Su hayatt\u0131r, bo\u015fa harcamay\u0131n&#8221; sloganlar\u0131yla ba\u015flat\u0131lan kampanya, toplumun t\u00fcm kesimlerine yay\u0131l\u0131yor. <a class=\"mh-excerpt-more\" href=\"https:\/\/kentyasam.com.tr\/wp\/2007\/05\/08\/su-degerlidir-kampanyasi-buyuyor\/\" title=\"&#8220;Su De\u011ferlidir&#8221; kampanyas\u0131 b\u00fcy\u00fcyor\">[&#8230;]<\/a><\/p>\n<\/div>","protected":false},"author":1,"featured_media":33203,"comment_status":"open","ping_status":"open","sticky":false,"template":"","format":"standard","meta":{"ngg_post_thumbnail":0,"footnotes":""},"categories":[1],"tags":[],"_links":{"self":[{"href":"https:\/\/kentyasam.com.tr\/wp\/wp-json\/wp\/v2\/posts\/8538"}],"collection":[{"href":"https:\/\/kentyasam.com.tr\/wp\/wp-json\/wp\/v2\/posts"}],"about":[{"href":"https:\/\/kentyasam.com.tr\/wp\/wp-json\/wp\/v2\/types\/post"}],"author":[{"embeddable":true,"href":"https:\/\/kentyasam.com.tr\/wp\/wp-json\/wp\/v2\/users\/1"}],"replies":[{"embeddable":true,"href":"https:\/\/kentyasam.com.tr\/wp\/wp-json\/wp\/v2\/comments?post=8538"}],"version-history":[{"count":0,"href":"https:\/\/kentyasam.com.tr\/wp\/wp-json\/wp\/v2\/posts\/8538\/revisions"}],"wp:featuredmedia":[{"embeddable":true,"href":"https:\/\/kentyasam.com.tr\/wp\/wp-json\/wp\/v2\/media\/33203"}],"wp:attachment":[{"href":"https:\/\/kentyasam.com.tr\/wp\/wp-json\/wp\/v2\/media?parent=8538"}],"wp:term":[{"taxonomy":"category","embeddable":true,"href":"https:\/\/kentyasam.com.tr\/wp\/wp-json\/wp\/v2\/categories?post=8538"},{"taxonomy":"post_tag","embeddable":true,"href":"https:\/\/kentyasam.com.tr\/wp\/wp-json\/wp\/v2\/tags?post=8538"}],"curies":[{"name":"wp","href":"https:\/\/api.w.org\/{rel}","templated":true}]}}