{"id":8460,"date":"2007-05-01T00:00:00","date_gmt":"2007-05-01T00:00:00","guid":{"rendered":"http:\/\/kentyasam.com.tr\/wp\/?p=8460"},"modified":"2007-05-01T00:00:00","modified_gmt":"2007-05-01T00:00:00","slug":"izmir-ekonomisinin-sanayilesme-sorunlari-tartisilacak","status":"publish","type":"post","link":"https:\/\/kentyasam.com.tr\/wp\/2007\/05\/01\/izmir-ekonomisinin-sanayilesme-sorunlari-tartisilacak\/","title":{"rendered":"\u0130zmir ekonomisinin sanayile\u015fme sorunlar\u0131 tart\u0131\u015f\u0131lacak"},"content":{"rendered":"\u0130zmir ekonomisinin sanayile\u015fme sorunlar\u0131 Ya\u015far \u00dcniversitesi&#8217;nce d\u00fczenlenen sempozyumda tart\u0131\u015f\u0131lacak &#8220;\u0130zmir Ekonomisinin Sanayile\u015fme Sorunlar\u0131 Sempozyumu&#8221; 3 May\u0131s 2007 g\u00fcn\u00fc a\u00e7l\u0131\u015f t\u00f6reniyle ba\u015flayacak. \u0130ki g\u00fcn s\u00fcrecek sempozyumda ilk g\u00fcn\u00fcn birinci oturumunda &#8220;\u0130zmir&#8217;de Sanayile\u015fme Bak\u0131m\u0131ndan Avantaj ve Dezavantajlar \/ \u0130zmir ve B\u00f6lge Ekonomisi ve Sanayisinin yap\u0131s\u0131 \/ Yerel Y\u00f6netimler ve Sanayile\u015fme \/ \u0130zmir&#8217;de Sanayile\u015fme sorunlar\u0131&#8221; ele al\u0131nacak. G\u00fcn\u00fcn ikinci oturumunda &#8220;Sanayile\u015fmede Serbest B\u00f6lgeler \/ Yeni Teknolojilerin Sanayide Kullan\u0131m\u0131 \/ \u0130zmir&#8217;de Sanayile\u015fme sorunlar\u0131 \/ Sanayile\u015fmede KOB\u0130&#8217;ler ve \u00dcniversite Sanayi \u0130\u015fbirli\u011fi&#8221; konusu tart\u0131\u015f\u0131lacak. \u00dc\u00e7\u00fcnc\u00fc oturumda &#8220;\u0130zmir Sanayile\u015fmesinde Yabanc\u0131 Sermaye \/ Tar\u0131ma Dayal\u0131 Organize Sanayi B\u00f6lgeleri \/ Yerel Y\u00f6netimler ve Sanayile\u015fme&#8221; konusu ele al\u0131ncak.<h3>Related Images:<\/h3>","protected":false},"excerpt":{"rendered":"<div class=\"mh-excerpt\"><p>\u0130zmir ekonomisinin sanayile\u015fme sorunlar\u0131 Ya\u015far \u00dcniversitesi&#8217;nce d\u00fczenlenen sempozyumda tart\u0131\u015f\u0131lacak &#8220;\u0130zmir Ekonomisinin Sanayile\u015fme Sorunlar\u0131 Sempozyumu&#8221; 3 May\u0131s 2007 g\u00fcn\u00fc a\u00e7l\u0131\u015f t\u00f6reniyle ba\u015flayacak. \u0130ki g\u00fcn s\u00fcrecek sempozyumda <a class=\"mh-excerpt-more\" href=\"https:\/\/kentyasam.com.tr\/wp\/2007\/05\/01\/izmir-ekonomisinin-sanayilesme-sorunlari-tartisilacak\/\" title=\"\u0130zmir ekonomisinin sanayile\u015fme sorunlar\u0131 tart\u0131\u015f\u0131lacak\">[&#8230;]<\/a><\/p>\n<\/div>","protected":false},"author":1,"featured_media":33146,"comment_status":"open","ping_status":"open","sticky":false,"template":"","format":"standard","meta":{"ngg_post_thumbnail":0,"footnotes":""},"categories":[1],"tags":[],"_links":{"self":[{"href":"https:\/\/kentyasam.com.tr\/wp\/wp-json\/wp\/v2\/posts\/8460"}],"collection":[{"href":"https:\/\/kentyasam.com.tr\/wp\/wp-json\/wp\/v2\/posts"}],"about":[{"href":"https:\/\/kentyasam.com.tr\/wp\/wp-json\/wp\/v2\/types\/post"}],"author":[{"embeddable":true,"href":"https:\/\/kentyasam.com.tr\/wp\/wp-json\/wp\/v2\/users\/1"}],"replies":[{"embeddable":true,"href":"https:\/\/kentyasam.com.tr\/wp\/wp-json\/wp\/v2\/comments?post=8460"}],"version-history":[{"count":0,"href":"https:\/\/kentyasam.com.tr\/wp\/wp-json\/wp\/v2\/posts\/8460\/revisions"}],"wp:featuredmedia":[{"embeddable":true,"href":"https:\/\/kentyasam.com.tr\/wp\/wp-json\/wp\/v2\/media\/33146"}],"wp:attachment":[{"href":"https:\/\/kentyasam.com.tr\/wp\/wp-json\/wp\/v2\/media?parent=8460"}],"wp:term":[{"taxonomy":"category","embeddable":true,"href":"https:\/\/kentyasam.com.tr\/wp\/wp-json\/wp\/v2\/categories?post=8460"},{"taxonomy":"post_tag","embeddable":true,"href":"https:\/\/kentyasam.com.tr\/wp\/wp-json\/wp\/v2\/tags?post=8460"}],"curies":[{"name":"wp","href":"https:\/\/api.w.org\/{rel}","templated":true}]}}