{"id":8370,"date":"2007-04-20T00:00:00","date_gmt":"2007-04-20T00:00:00","guid":{"rendered":"http:\/\/kentyasam.com.tr\/wp\/?p=8370"},"modified":"2007-04-20T00:00:00","modified_gmt":"2007-04-20T00:00:00","slug":"cigli-belediyesi-vatandaslara-turk-bayragi-dagitti","status":"publish","type":"post","link":"https:\/\/kentyasam.com.tr\/wp\/2007\/04\/20\/cigli-belediyesi-vatandaslara-turk-bayragi-dagitti\/","title":{"rendered":"\u00c7i\u011fli Belediyesi vatanda\u015flara T\u00fcrk Bayra\u011f\u0131 da\u011f\u0131tt\u0131"},"content":{"rendered":"\u00c7i\u011fli Belediyesi taraf\u0131ndan TBMM&#8217;nin a\u00e7\u0131l\u0131\u015f\u0131n\u0131n 87. y\u0131l\u0131 ve 23 Nisan Ulusal Egemenlik \u00c7ocuk Bayram\u0131 nedeniyle il\u00e7e genelinde 5 bin T\u00fcrk Bayra\u011f\u0131 da\u011f\u0131t\u0131ld\u0131. 23 Nisan&#8217;da da \u00e7ocuklara Atat\u00fcrk&#8217;\u00fc simgeleyen 5 bin yapboz ile 5 bin adet de Atat\u00fcrk bask\u0131l\u0131 \u015fapka da\u011f\u0131t\u0131laca\u011f\u0131 belirtildi. \u0130l\u00e7edeki esnafla vatanda\u015flara da\u011f\u0131t\u0131lan bayraklar kap\u0131\u015f\u0131ld\u0131. \u00c7i\u011fli Belediye Ba\u015fkan\u0131 Ensari Bulut, T\u00fcrkiye B\u00fcy\u00fck Millet Meclisi&#8217;nin a\u00e7\u0131lmas\u0131n\u0131n ulus egemenli\u011fine dayanan, tam ba\u011f\u0131ms\u0131z yeni T\u00fcrkiye Cumhuriyeti Devleti&#8217;nin kurulmas\u0131 s\u00fcrecinde at\u0131lan \u00e7ok \u00f6nemli bir ad\u0131m oldu\u011funu belirterek, bu co\u015fkunun herkes taraf\u0131ndan payla\u015f\u0131lmas\u0131n\u0131n \u00f6nemini vurgulad\u0131. Bu ama\u00e7la bayrak da\u011f\u0131tt\u0131klar\u0131n\u0131 belirten Bulut, &#8220;Mustafa Kemal Atat\u00fcrk bu \u00f6nemli g\u00fcn\u00fc gelece\u011fimizin teminat\u0131 \u00e7ocuklar\u0131m\u0131za arma\u011fan etmi\u015ftir. Bizler bu \u00fclkeye ve cumhuriyet de\u011ferlerine sahip \u00e7\u0131kmal\u0131y\u0131z. Bunun i\u00e7in de \u00e7ocuklar\u0131m\u0131z\u0131n cumhuriyet de\u011ferleri ve Atat\u00fcrk ilkelerine sahip olarak yeti\u015fmesi i\u00e7in de b\u00fcy\u00fck \u00f6zen g\u00f6stermeliyiz. Biz \u00c7i\u011fli Belediyesi olarak bunun takip\u00e7isi olaca\u011f\u0131z&#8221; diye konu\u015ftu.<h3>Related Images:<\/h3>","protected":false},"excerpt":{"rendered":"<div class=\"mh-excerpt\"><p>\u00c7i\u011fli Belediyesi taraf\u0131ndan TBMM&#8217;nin a\u00e7\u0131l\u0131\u015f\u0131n\u0131n 87. y\u0131l\u0131 ve 23 Nisan Ulusal Egemenlik \u00c7ocuk Bayram\u0131 nedeniyle il\u00e7e genelinde 5 bin T\u00fcrk Bayra\u011f\u0131 da\u011f\u0131t\u0131ld\u0131. 23 Nisan&#8217;da da <a class=\"mh-excerpt-more\" href=\"https:\/\/kentyasam.com.tr\/wp\/2007\/04\/20\/cigli-belediyesi-vatandaslara-turk-bayragi-dagitti\/\" title=\"\u00c7i\u011fli Belediyesi vatanda\u015flara T\u00fcrk Bayra\u011f\u0131 da\u011f\u0131tt\u0131\">[&#8230;]<\/a><\/p>\n<\/div>","protected":false},"author":1,"featured_media":33067,"comment_status":"open","ping_status":"open","sticky":false,"template":"","format":"standard","meta":{"ngg_post_thumbnail":0,"footnotes":""},"categories":[1],"tags":[],"_links":{"self":[{"href":"https:\/\/kentyasam.com.tr\/wp\/wp-json\/wp\/v2\/posts\/8370"}],"collection":[{"href":"https:\/\/kentyasam.com.tr\/wp\/wp-json\/wp\/v2\/posts"}],"about":[{"href":"https:\/\/kentyasam.com.tr\/wp\/wp-json\/wp\/v2\/types\/post"}],"author":[{"embeddable":true,"href":"https:\/\/kentyasam.com.tr\/wp\/wp-json\/wp\/v2\/users\/1"}],"replies":[{"embeddable":true,"href":"https:\/\/kentyasam.com.tr\/wp\/wp-json\/wp\/v2\/comments?post=8370"}],"version-history":[{"count":0,"href":"https:\/\/kentyasam.com.tr\/wp\/wp-json\/wp\/v2\/posts\/8370\/revisions"}],"wp:featuredmedia":[{"embeddable":true,"href":"https:\/\/kentyasam.com.tr\/wp\/wp-json\/wp\/v2\/media\/33067"}],"wp:attachment":[{"href":"https:\/\/kentyasam.com.tr\/wp\/wp-json\/wp\/v2\/media?parent=8370"}],"wp:term":[{"taxonomy":"category","embeddable":true,"href":"https:\/\/kentyasam.com.tr\/wp\/wp-json\/wp\/v2\/categories?post=8370"},{"taxonomy":"post_tag","embeddable":true,"href":"https:\/\/kentyasam.com.tr\/wp\/wp-json\/wp\/v2\/tags?post=8370"}],"curies":[{"name":"wp","href":"https:\/\/api.w.org\/{rel}","templated":true}]}}