{"id":8364,"date":"2007-04-18T00:00:00","date_gmt":"2007-04-18T00:00:00","guid":{"rendered":"http:\/\/kentyasam.com.tr\/wp\/?p=8364"},"modified":"2007-04-18T00:00:00","modified_gmt":"2007-04-18T00:00:00","slug":"aiesec-izmir-2006-2007-donemini-odullerle-kapadi","status":"publish","type":"post","link":"https:\/\/kentyasam.com.tr\/wp\/2007\/04\/18\/aiesec-izmir-2006-2007-donemini-odullerle-kapadi\/","title":{"rendered":"AIESEC \u0130zmir 2006 &#8211; 2007 d\u00f6nemini \u00f6d\u00fcllerle kapad\u0131"},"content":{"rendered":"T\u00fcrkiye&#8217;de 11 ilde etkinlik g\u00f6steren AIESEC&#8217;in \u015fubelerine da\u011f\u0131t\u0131lan toplam dokuz \u00f6d\u00fclden ikisine 40. y\u0131l\u0131n\u0131 kutlayan AIESEC \u0130zmir lay\u0131k g\u00f6r\u00fcld\u00fc. AIESEC T\u00fcrkiye 52. Ulusal Kongresi&#8217;nde AIESEC \u0130zmir \u015eubesi&#8217;ne &#8220;Her alanda m\u00fckemmeliyet&#8221; ve &#8220;\u015fubesel liderlik&#8221; \u00f6d\u00fclleri verildi. AIESEC \u0130zmir \u015eubesi 2006 &#8211; 2007 D\u00f6nemi Ba\u015fkan\u0131 R\u0131za Ba\u015far K\u00fcrk\u00e7\u00fc,&#8221;D\u00f6nemimizi iki \u00f6d\u00fcl ve d\u00fcnya \u00fc\u00e7\u00fcnc\u00fcs\u00fc olarak kapad\u0131k. Dile\u011fimiz 2007 &#8211; 2008 d\u00f6nemi AIESEC \u0130zmir&#8217;in g\u00fcc\u00fcn\u00fc daha \u00e7ok g\u00f6stermesi, ba\u015far\u0131lar\u0131 artt\u0131rmas\u0131&#8221; dedi. 2007 &#8211; 2008 d\u00f6nemi 6 ki\u015filik Y\u00f6netim Kurulu yap\u0131s\u0131yla \u00e7al\u0131\u015fmalar\u0131na ba\u015flad\u0131\u011f\u0131n\u0131 vurgulayan AIESEC \u0130zmir&#8217;in 2007 &#8211; 2008 D\u00f6nemi Y\u00f6netim Kurulu Ba\u015fkan\u0131 Yi\u011fit Saruhan, &#8220;\u00d6d\u00fcllerle ve bir\u00e7ok ba\u015far\u0131larla kapanan bir d\u00f6nemi devrald\u0131k, bu y\u0131l g\u00fcc\u00fcm\u00fcz\u00fc daha fazla g\u00f6stererek hem global anlamda hem de lokalde etkimizi art\u0131raca\u011f\u0131z bunu da \u015fubemizin aktifleri ile ba\u015faraca\u011f\u0131z&#8221; diye konu\u015ftu. (Ege Ajans)<h3>Related Images:<\/h3>","protected":false},"excerpt":{"rendered":"<div class=\"mh-excerpt\"><p>T\u00fcrkiye&#8217;de 11 ilde etkinlik g\u00f6steren AIESEC&#8217;in \u015fubelerine da\u011f\u0131t\u0131lan toplam dokuz \u00f6d\u00fclden ikisine 40. y\u0131l\u0131n\u0131 kutlayan AIESEC \u0130zmir lay\u0131k g\u00f6r\u00fcld\u00fc. AIESEC T\u00fcrkiye 52. Ulusal Kongresi&#8217;nde AIESEC <a class=\"mh-excerpt-more\" href=\"https:\/\/kentyasam.com.tr\/wp\/2007\/04\/18\/aiesec-izmir-2006-2007-donemini-odullerle-kapadi\/\" title=\"AIESEC \u0130zmir 2006 &#8211; 2007 d\u00f6nemini \u00f6d\u00fcllerle kapad\u0131\">[&#8230;]<\/a><\/p>\n<\/div>","protected":false},"author":1,"featured_media":33061,"comment_status":"open","ping_status":"open","sticky":false,"template":"","format":"standard","meta":{"ngg_post_thumbnail":0,"footnotes":""},"categories":[1],"tags":[],"_links":{"self":[{"href":"https:\/\/kentyasam.com.tr\/wp\/wp-json\/wp\/v2\/posts\/8364"}],"collection":[{"href":"https:\/\/kentyasam.com.tr\/wp\/wp-json\/wp\/v2\/posts"}],"about":[{"href":"https:\/\/kentyasam.com.tr\/wp\/wp-json\/wp\/v2\/types\/post"}],"author":[{"embeddable":true,"href":"https:\/\/kentyasam.com.tr\/wp\/wp-json\/wp\/v2\/users\/1"}],"replies":[{"embeddable":true,"href":"https:\/\/kentyasam.com.tr\/wp\/wp-json\/wp\/v2\/comments?post=8364"}],"version-history":[{"count":0,"href":"https:\/\/kentyasam.com.tr\/wp\/wp-json\/wp\/v2\/posts\/8364\/revisions"}],"wp:featuredmedia":[{"embeddable":true,"href":"https:\/\/kentyasam.com.tr\/wp\/wp-json\/wp\/v2\/media\/33061"}],"wp:attachment":[{"href":"https:\/\/kentyasam.com.tr\/wp\/wp-json\/wp\/v2\/media?parent=8364"}],"wp:term":[{"taxonomy":"category","embeddable":true,"href":"https:\/\/kentyasam.com.tr\/wp\/wp-json\/wp\/v2\/categories?post=8364"},{"taxonomy":"post_tag","embeddable":true,"href":"https:\/\/kentyasam.com.tr\/wp\/wp-json\/wp\/v2\/tags?post=8364"}],"curies":[{"name":"wp","href":"https:\/\/api.w.org\/{rel}","templated":true}]}}