{"id":8181,"date":"2007-03-23T00:00:00","date_gmt":"2007-03-23T00:00:00","guid":{"rendered":"http:\/\/kentyasam.com.tr\/wp\/?p=8181"},"modified":"2007-03-23T00:00:00","modified_gmt":"2007-03-23T00:00:00","slug":"ieu-kariyer-gunleri-basliyor","status":"publish","type":"post","link":"https:\/\/kentyasam.com.tr\/wp\/2007\/03\/23\/ieu-kariyer-gunleri-basliyor\/","title":{"rendered":"\u0130E\u00dc Kariyer G\u00fcnleri ba\u015fl\u0131yor"},"content":{"rendered":"\u0130zmir Ekonomi \u00dcniversitesi 4. Kariyer G\u00fcnleri 26 Mart \u0096 27 Nisan 2007 tarihleri aras\u0131nda d\u00fczenlenecek. Kariyer G\u00fcnleri&#8217;nde, &#8220;Ki\u015fisel Kariyer Plan\u0131m Var&#8221;, &#8220;De\u011fi\u015fen D\u00fcnya ve Gen\u00e7ler \u0130\u00e7in Ba\u015far\u0131 Kriterleri&#8221;, &#8220;\u0130\u015f D\u00fcnyas\u0131 Nas\u0131l Gen\u00e7ler Ar\u0131yor&#8221;, &#8220;Kariyer Ya\u015fam\u0131nda Duygusal Zeka ve \u0130leti\u015fim Yetene\u011fi&#8221; gibi pek \u00e7ok konuda seminerle i\u015f ya\u015fam\u0131n\u0131n profesyonelleri \u00f6\u011frencilerle bulu\u015fup deneyimlerini aktaracak. \u00c7e\u015fitli kurulu\u015flar\u0131n insan kaynaklar\u0131 y\u00f6neticileri ayn\u0131 sunumda bir araya gelerek m\u00fclakat s\u00fcreciyle ilgili \u00f6\u011frencilere bilgi verecek. Ayr\u0131ca hem \u00f6zel hem kamu kurulu\u015flar\u0131 \u00f6\u011frencilerine i\u015fe al\u0131m s\u00fcre\u00e7lerini ve kurumlar\u0131n\u0131 tan\u0131tacak. \u0130zmir Ekonomi \u00dcniversitesi Kariyer Y\u00f6nlendirme Merkezi Sorumlusu Fulya Eltepe, &#8220;\u0130yi derecede \u0130ngilizce ve ikinci yabanc\u0131 dil bilen, teknoloji ile i\u00e7 i\u00e7e e\u011fitim alan \u00f6\u011frencilerimizi T\u00fcrkiye ve \u0130zmir&#8217;in \u00f6nde gelen \u015firketleri ve y\u00f6neticileri ile tan\u0131\u015ft\u0131rmak amac\u0131yla yola \u00e7\u0131kt\u0131k. Kariyer G\u00fcnleri ile Ki\u015fisel Geli\u015fim E\u011fitimleri&#8217;ni d\u00fczenleyerek \u00f6\u011frencilerimizin kafas\u0131ndaki kimi sorulara yan\u0131t bulmaya \u00e7al\u0131\u015f\u0131yoruz&#8221; diye konu\u015ftu. D\u00f6rt hafta s\u00fcrecek 4. Kariyer G\u00fcnleri&#8217;nde dokuzu \u015firket tan\u0131t\u0131m\u0131 olmak \u00fczere 25 seminer d\u00fczenlenecek. Seminerlere i\u015f d\u00fcnyas\u0131ndan 40&#8217;a yak\u0131n temsilci ve akademisyen konu\u015fmac\u0131 olarak kat\u0131lacak.<h3>Related Images:<\/h3>","protected":false},"excerpt":{"rendered":"<div class=\"mh-excerpt\"><p>\u0130zmir Ekonomi \u00dcniversitesi 4. Kariyer G\u00fcnleri 26 Mart \u0096 27 Nisan 2007 tarihleri aras\u0131nda d\u00fczenlenecek. Kariyer G\u00fcnleri&#8217;nde, &#8220;Ki\u015fisel Kariyer Plan\u0131m Var&#8221;, &#8220;De\u011fi\u015fen D\u00fcnya ve Gen\u00e7ler <a class=\"mh-excerpt-more\" href=\"https:\/\/kentyasam.com.tr\/wp\/2007\/03\/23\/ieu-kariyer-gunleri-basliyor\/\" title=\"\u0130E\u00dc Kariyer G\u00fcnleri ba\u015fl\u0131yor\">[&#8230;]<\/a><\/p>\n<\/div>","protected":false},"author":1,"featured_media":0,"comment_status":"open","ping_status":"open","sticky":false,"template":"","format":"standard","meta":{"ngg_post_thumbnail":0,"footnotes":""},"categories":[1],"tags":[],"_links":{"self":[{"href":"https:\/\/kentyasam.com.tr\/wp\/wp-json\/wp\/v2\/posts\/8181"}],"collection":[{"href":"https:\/\/kentyasam.com.tr\/wp\/wp-json\/wp\/v2\/posts"}],"about":[{"href":"https:\/\/kentyasam.com.tr\/wp\/wp-json\/wp\/v2\/types\/post"}],"author":[{"embeddable":true,"href":"https:\/\/kentyasam.com.tr\/wp\/wp-json\/wp\/v2\/users\/1"}],"replies":[{"embeddable":true,"href":"https:\/\/kentyasam.com.tr\/wp\/wp-json\/wp\/v2\/comments?post=8181"}],"version-history":[{"count":0,"href":"https:\/\/kentyasam.com.tr\/wp\/wp-json\/wp\/v2\/posts\/8181\/revisions"}],"wp:attachment":[{"href":"https:\/\/kentyasam.com.tr\/wp\/wp-json\/wp\/v2\/media?parent=8181"}],"wp:term":[{"taxonomy":"category","embeddable":true,"href":"https:\/\/kentyasam.com.tr\/wp\/wp-json\/wp\/v2\/categories?post=8181"},{"taxonomy":"post_tag","embeddable":true,"href":"https:\/\/kentyasam.com.tr\/wp\/wp-json\/wp\/v2\/tags?post=8181"}],"curies":[{"name":"wp","href":"https:\/\/api.w.org\/{rel}","templated":true}]}}