{"id":7577,"date":"2006-12-30T00:00:00","date_gmt":"2006-12-30T00:00:00","guid":{"rendered":"http:\/\/kentyasam.com.tr\/wp\/?p=7577"},"modified":"2006-12-30T00:00:00","modified_gmt":"2006-12-30T00:00:00","slug":"tum-islam-sanati-bir-tikla-ekranlarda","status":"publish","type":"post","link":"https:\/\/kentyasam.com.tr\/wp\/2006\/12\/30\/tum-islam-sanati-bir-tikla-ekranlarda\/","title":{"rendered":"T\u00fcm \u0130slam sanat\u0131 bir &#8220;t\u0131k&#8221;la ekranlarda"},"content":{"rendered":"Aralar\u0131nda Ege \u00dcniversitesi ile K\u00fclt\u00fcr ve Turizm Bakanl\u0131\u011f\u0131&#8217;n\u0131n da yer ald\u0131\u011f\u0131 &#8220;\u0130slam Sanat\u0131n\u0131 Ke\u015ffedin Sanal M\u00fczesi&#8221;ni olu\u015fturan kurumlar aras\u0131nda i\u015fbirli\u011fi anla\u015fmas\u0131n\u0131n \u00dcrd\u00fcn&#8217;de imzaland\u0131\u011f\u0131 belirtildi. Ege \u00dcniversitesi Edebiyat Fak\u00fcltesi Sanat Tarihi B\u00f6l\u00fcm\u00fc \u00d6\u011fretim \u00dcyesi Prof. Dr. \u0130nci Kuyulu Ersoy, 14 \u00fclkeden 150&#8217;den fazla uzman\u0131n \u0130slam sanat\u0131 on-line koleksiyonunu olu\u015fturmak amac\u0131yla yakla\u015f\u0131k \u00fc\u00e7 y\u0131ld\u0131r birlikte \u00e7al\u0131\u015ft\u0131\u011f\u0131n\u0131 anlatt\u0131. Projenin ger\u00e7ekle\u015ftirilmesiyle t\u00fcm \u0130slam sanat\u0131n\u0131n bir &#8220;t\u0131k&#8221;la ekranlarda olaca\u011f\u0131n\u0131 belirten Prof. Dr. Ersoy, &#8220;G\u00fcncellenmi\u015f bilimsel bilgiler, her \u00fclkenin kendi dilinde verilmesi yan\u0131nda Arap\u00e7a, \u0130ngilizce, Frans\u0131zca olarak da sunulmu\u015ftur. \u0130slam sanat\u0131 hakk\u0131nda bilgisi olmayan ziyaret\u00e7iler i\u00e7in her eser k\u0131sa ve kolay okunabilir tan\u0131mlamalarla verilmi\u015ftir. Emeviler&#8217;den Osmanl\u0131lar&#8217;a kadar b\u00fcy\u00fck \u0130slam hanedanlar\u0131n\u0131 ele alan 18 Sanal Sergi, e\u011fitim ve akademik ama\u00e7larla Sanal M\u00fczeyi kullananlara b\u00fcy\u00fck bir \u00e7e\u015fitlilik sunmaktad\u0131r&#8221; dedi. (Ege Ajans)<h3>Related Images:<\/h3>","protected":false},"excerpt":{"rendered":"<div class=\"mh-excerpt\"><p>Aralar\u0131nda Ege \u00dcniversitesi ile K\u00fclt\u00fcr ve Turizm Bakanl\u0131\u011f\u0131&#8217;n\u0131n da yer ald\u0131\u011f\u0131 &#8220;\u0130slam Sanat\u0131n\u0131 Ke\u015ffedin Sanal M\u00fczesi&#8221;ni olu\u015fturan kurumlar aras\u0131nda i\u015fbirli\u011fi anla\u015fmas\u0131n\u0131n \u00dcrd\u00fcn&#8217;de imzaland\u0131\u011f\u0131 belirtildi. Ege <a class=\"mh-excerpt-more\" href=\"https:\/\/kentyasam.com.tr\/wp\/2006\/12\/30\/tum-islam-sanati-bir-tikla-ekranlarda\/\" title=\"T\u00fcm \u0130slam sanat\u0131 bir &#8220;t\u0131k&#8221;la ekranlarda\">[&#8230;]<\/a><\/p>\n<\/div>","protected":false},"author":1,"featured_media":0,"comment_status":"open","ping_status":"open","sticky":false,"template":"","format":"standard","meta":{"ngg_post_thumbnail":0,"footnotes":""},"categories":[1],"tags":[],"_links":{"self":[{"href":"https:\/\/kentyasam.com.tr\/wp\/wp-json\/wp\/v2\/posts\/7577"}],"collection":[{"href":"https:\/\/kentyasam.com.tr\/wp\/wp-json\/wp\/v2\/posts"}],"about":[{"href":"https:\/\/kentyasam.com.tr\/wp\/wp-json\/wp\/v2\/types\/post"}],"author":[{"embeddable":true,"href":"https:\/\/kentyasam.com.tr\/wp\/wp-json\/wp\/v2\/users\/1"}],"replies":[{"embeddable":true,"href":"https:\/\/kentyasam.com.tr\/wp\/wp-json\/wp\/v2\/comments?post=7577"}],"version-history":[{"count":0,"href":"https:\/\/kentyasam.com.tr\/wp\/wp-json\/wp\/v2\/posts\/7577\/revisions"}],"wp:attachment":[{"href":"https:\/\/kentyasam.com.tr\/wp\/wp-json\/wp\/v2\/media?parent=7577"}],"wp:term":[{"taxonomy":"category","embeddable":true,"href":"https:\/\/kentyasam.com.tr\/wp\/wp-json\/wp\/v2\/categories?post=7577"},{"taxonomy":"post_tag","embeddable":true,"href":"https:\/\/kentyasam.com.tr\/wp\/wp-json\/wp\/v2\/tags?post=7577"}],"curies":[{"name":"wp","href":"https:\/\/api.w.org\/{rel}","templated":true}]}}