{"id":7491,"date":"2006-12-16T00:00:00","date_gmt":"2006-12-16T00:00:00","guid":{"rendered":"http:\/\/kentyasam.com.tr\/wp\/?p=7491"},"modified":"2006-12-16T00:00:00","modified_gmt":"2006-12-16T00:00:00","slug":"ermeni-belgeleri-soykirimi-yalanliyor","status":"publish","type":"post","link":"https:\/\/kentyasam.com.tr\/wp\/2006\/12\/16\/ermeni-belgeleri-soykirimi-yalanliyor\/","title":{"rendered":"Ermeni belgeleri soyk\u0131r\u0131m\u0131 yalanl\u0131yor"},"content":{"rendered":"Kar\u015f\u0131yaka Belediyesi ve B\u00fcy\u00fck Proje 2006\/Talat Pa\u015fa Komitesi&#8217;nin birlikte d\u00fczenledi\u011fi &#8220;Ermeni Belgeleriyle Ermeni Soyk\u0131r\u0131m\u0131 Yalan\u0131&#8221; konulu konferans Kar\u015f\u0131yaka Nikah Saray\u0131&#8217;nda d\u00fczenlendi. Konferansa komitenin \u0130zmir Y\u00fcr\u00fctme Kurulu Ba\u015fkan\u0131 Avukat Erdo\u011fan \u00d6zer ve dan\u0131\u015fma omitesi \u00fcyesi emekli Hava Korgeneral Ya\u015far M\u00fcjdeci konu\u015fmac\u0131 olarak kat\u0131ld\u0131. Konferans\u0131n oturum ba\u015fkanl\u0131\u011f\u0131n\u0131 CHP \u0130l\u00e7e Ba\u015fkan\u0131 Ertam \u00d6zen yapt\u0131. Tarihi belgeler soyk\u0131r\u0131m\u0131n olmad\u0131\u011f\u0131n\u0131 kan\u0131tlamaktad\u0131r&#8221; diyen Ya\u015far M\u00fcjdeci, &#8220;Ancak AB \u00fcyesi \u00fclkeler ve ABD T\u00fcrkiye&#8217;yi b\u00f6lmek i\u00e7in bu yalan\u0131 dillendirmektedir. \u00c7\u00fcnk\u00fc T\u00fcrkiye b\u00fcy\u00fck bir \u00fclkedir. ABD&#8217;nin BOP projesinin \u00f6n\u00fcndeki en \u00f6nemli engel T\u00fcrkiye&#8217;dir. T\u00fcrkiye tarihi parlak bir \u00fclkedir. Asla soyk\u0131r\u0131m yapmam\u0131\u015ft\u0131r&#8221; diye konu\u015ftu. M\u00fcjdeci, &#8220;Avrupal\u0131lar\u0131n kendi yapt\u0131klar\u0131n\u0131 ba\u015fkalar\u0131n\u0131n \u00fczerine y\u0131kmak istemeleri bu iddialar\u0131 do\u011furmaktad\u0131r. Soyk\u0131r\u0131m s\u00f6zc\u00fc\u011f\u00fcn\u00fcn tan\u0131m\u0131n\u0131 yaparsak zaten b\u00f6yle bir \u015feyin bizim tarihimizde olmad\u0131\u011f\u0131n\u0131 g\u00f6r\u00fcr\u00fcz. Ermeni soyk\u0131r\u0131m\u0131 iddialar\u0131n\u0131n dayand\u0131r\u0131ld\u0131\u011f\u0131 n\u00fcfus iddialar\u0131 birer d\u00fczmecedir. Olaylar\u0131 bilmeyen ve ya\u015famam\u0131\u015f olan bir papaz\u0131n iddialar\u0131d\u0131r bunlar. O tarihlerde Ermeni n\u00fcfusunun toplam\u0131, \u00f6ld\u00fc\u011f\u00fcn\u00fc iddia ettikleri rakam\u0131 bulmamaktad\u0131r. Tehcir karar\u0131 ile g\u00f6\u00e7 ettirilen Ermenilere her t\u00fcrl\u00fc ko\u015ful sa\u011flanm\u0131\u015ft\u0131r. T\u00fcrklerin tarihinde bir \u0131rk\u0131 topluca katletmek, yok etmek yoktur&#8221; dedi. Avukat Erdo\u011fan \u00d6zer de, Ermeni Soyk\u0131r\u0131m\u0131 Yalan\u0131&#8217;n\u0131 \u00e7\u00fcr\u00fcten kaynaklar \u00fczerinde durdu. \u00d6zer, &#8220;Asl\u0131nda bizim \u015fu an u\u011fra\u015ft\u0131\u011f\u0131m\u0131z mesele son derece siyasi bir meseledir&#8221; diye konu\u015ftu.<h3>Related Images:<\/h3>","protected":false},"excerpt":{"rendered":"<div class=\"mh-excerpt\"><p>Kar\u015f\u0131yaka Belediyesi ve B\u00fcy\u00fck Proje 2006\/Talat Pa\u015fa Komitesi&#8217;nin birlikte d\u00fczenledi\u011fi &#8220;Ermeni Belgeleriyle Ermeni Soyk\u0131r\u0131m\u0131 Yalan\u0131&#8221; konulu konferans Kar\u015f\u0131yaka Nikah Saray\u0131&#8217;nda d\u00fczenlendi. Konferansa komitenin \u0130zmir Y\u00fcr\u00fctme <a class=\"mh-excerpt-more\" href=\"https:\/\/kentyasam.com.tr\/wp\/2006\/12\/16\/ermeni-belgeleri-soykirimi-yalanliyor\/\" title=\"Ermeni belgeleri soyk\u0131r\u0131m\u0131 yalanl\u0131yor\">[&#8230;]<\/a><\/p>\n<\/div>","protected":false},"author":1,"featured_media":32359,"comment_status":"open","ping_status":"open","sticky":false,"template":"","format":"standard","meta":{"ngg_post_thumbnail":0,"footnotes":""},"categories":[1],"tags":[],"_links":{"self":[{"href":"https:\/\/kentyasam.com.tr\/wp\/wp-json\/wp\/v2\/posts\/7491"}],"collection":[{"href":"https:\/\/kentyasam.com.tr\/wp\/wp-json\/wp\/v2\/posts"}],"about":[{"href":"https:\/\/kentyasam.com.tr\/wp\/wp-json\/wp\/v2\/types\/post"}],"author":[{"embeddable":true,"href":"https:\/\/kentyasam.com.tr\/wp\/wp-json\/wp\/v2\/users\/1"}],"replies":[{"embeddable":true,"href":"https:\/\/kentyasam.com.tr\/wp\/wp-json\/wp\/v2\/comments?post=7491"}],"version-history":[{"count":0,"href":"https:\/\/kentyasam.com.tr\/wp\/wp-json\/wp\/v2\/posts\/7491\/revisions"}],"wp:featuredmedia":[{"embeddable":true,"href":"https:\/\/kentyasam.com.tr\/wp\/wp-json\/wp\/v2\/media\/32359"}],"wp:attachment":[{"href":"https:\/\/kentyasam.com.tr\/wp\/wp-json\/wp\/v2\/media?parent=7491"}],"wp:term":[{"taxonomy":"category","embeddable":true,"href":"https:\/\/kentyasam.com.tr\/wp\/wp-json\/wp\/v2\/categories?post=7491"},{"taxonomy":"post_tag","embeddable":true,"href":"https:\/\/kentyasam.com.tr\/wp\/wp-json\/wp\/v2\/tags?post=7491"}],"curies":[{"name":"wp","href":"https:\/\/api.w.org\/{rel}","templated":true}]}}