{"id":7286,"date":"2006-11-16T00:00:00","date_gmt":"2006-11-16T00:00:00","guid":{"rendered":"http:\/\/kentyasam.com.tr\/wp\/?p=7286"},"modified":"2006-11-16T00:00:00","modified_gmt":"2006-11-16T00:00:00","slug":"ataturk-liderlik-ruhunu-milliyetcilik-ozelliginden-almistir","status":"publish","type":"post","link":"https:\/\/kentyasam.com.tr\/wp\/2006\/11\/16\/ataturk-liderlik-ruhunu-milliyetcilik-ozelliginden-almistir\/","title":{"rendered":"Atat\u00fcrk liderlik ruhunu milliyet\u00e7ilik \u00f6zelli\u011finden alm\u0131\u015ft\u0131r"},"content":{"rendered":"Atat\u00fcrk&#8217;\u00fc Anma Haftas\u0131 etkinlikleri kapsam\u0131nda Ege \u00dcniversitesi Kamp\u00fcs K\u00fclt\u00fcr Merkezi&#8217;nde d\u00fczenlenen konferansta konu\u015fan E\u00dc Tarih B\u00f6l\u00fcm\u00fc \u00d6\u011fretim \u00dcyesi Yard. Do\u00e7. Dr. Hasan Mert, &#8220;Mustafa Kemal&#8217;in tarihteki kahramanl\u0131\u011f\u0131n\u0131 onun cesaretine bor\u00e7luyuz. Ona bu liderlik ruhunu veren Atat\u00fcrk&#8217;\u00fcn milliyet\u00e7ilik \u00f6zelli\u011fidir&#8221; dedi. B\u00fct\u00fcn ordular\u0131n herhangi bir tehlike kar\u015f\u0131s\u0131nda geri \u00e7ekildi\u011finde bile Mustafa Kemal&#8217;in tek ba\u015f\u0131na d\u00fc\u015fmanlar\u0131n kar\u015f\u0131s\u0131nda dim dik durdu\u011funu belirten Yard. Do\u00e7. Dr. Mert, &#8220;Atat\u00fcrk asil \u00f6lmeyi, asil ya\u015famay\u0131 kendisine ilke edinmi\u015f bir liderdir. T\u00fcrk milletinin \u00e7al\u0131\u015f\u0131rsa ba\u015faramayaca\u011f\u0131 hi\u00e7 bir \u015fey yoktur. Mustafa Kemal bunu \u00f6rnek ki\u015fili\u011fiyle g\u00f6stermi\u015ftir&#8221; diye konu\u015ftu. Mustafa Kemal&#8217;in bir devlet adam\u0131 olarak da son derece planl\u0131, \u00f6n seziye sahip bir ki\u015filik oldu\u011funu vurgulayan Yard. Do\u00e7. Dr. Mert, laiklik ve din konusunda Atat\u00fcrk&#8217;\u00fcn bunca zamand\u0131r hep yanl\u0131\u015f anla\u015f\u0131ld\u0131\u011f\u0131n\u0131 ve bu konunun istismar edildi\u011fini vurgulad\u0131. Mustafa Kemal&#8217;in \u00e7ocuklu\u011funda ve gen\u00e7li\u011finde yeterli derece de din e\u011fitimi ald\u0131\u011f\u0131n\u0131 s\u00f6yleyen Yard. Do\u00e7. Dr. Mert, &#8220;Atat\u00fcrk \u00e7ok kitap okuyan biri oldu\u011fu gibi, dini kitaplar\u0131 da okumakla kalmam\u0131\u015f, okuduklar\u0131n\u0131 d\u00f6nemin alimleri ile de tart\u0131\u015fm\u0131\u015ft\u0131r. Atat\u00fcrk&#8217;\u00fcn dindarlarla hi\u00e7 bir meselesi yoktur. B\u0131rakal\u0131m Atat\u00fcrk&#8217;\u00fc dindar\u0131, dindar olmayan\u0131, k\u0131sacas\u0131 b\u00fct\u00fcn insanl\u0131k sevsin&#8221;&#8221; diye konu\u015ftu. (Ege Ajans) <h3>Related Images:<\/h3>","protected":false},"excerpt":{"rendered":"<div class=\"mh-excerpt\"><p>Atat\u00fcrk&#8217;\u00fc Anma Haftas\u0131 etkinlikleri kapsam\u0131nda Ege \u00dcniversitesi Kamp\u00fcs K\u00fclt\u00fcr Merkezi&#8217;nde d\u00fczenlenen konferansta konu\u015fan E\u00dc Tarih B\u00f6l\u00fcm\u00fc \u00d6\u011fretim \u00dcyesi Yard. Do\u00e7. Dr. Hasan Mert, &#8220;Mustafa Kemal&#8217;in <a class=\"mh-excerpt-more\" href=\"https:\/\/kentyasam.com.tr\/wp\/2006\/11\/16\/ataturk-liderlik-ruhunu-milliyetcilik-ozelliginden-almistir\/\" title=\"Atat\u00fcrk liderlik ruhunu milliyet\u00e7ilik \u00f6zelli\u011finden alm\u0131\u015ft\u0131r\">[&#8230;]<\/a><\/p>\n<\/div>","protected":false},"author":1,"featured_media":32205,"comment_status":"open","ping_status":"open","sticky":false,"template":"","format":"standard","meta":{"ngg_post_thumbnail":0,"footnotes":""},"categories":[1],"tags":[],"_links":{"self":[{"href":"https:\/\/kentyasam.com.tr\/wp\/wp-json\/wp\/v2\/posts\/7286"}],"collection":[{"href":"https:\/\/kentyasam.com.tr\/wp\/wp-json\/wp\/v2\/posts"}],"about":[{"href":"https:\/\/kentyasam.com.tr\/wp\/wp-json\/wp\/v2\/types\/post"}],"author":[{"embeddable":true,"href":"https:\/\/kentyasam.com.tr\/wp\/wp-json\/wp\/v2\/users\/1"}],"replies":[{"embeddable":true,"href":"https:\/\/kentyasam.com.tr\/wp\/wp-json\/wp\/v2\/comments?post=7286"}],"version-history":[{"count":0,"href":"https:\/\/kentyasam.com.tr\/wp\/wp-json\/wp\/v2\/posts\/7286\/revisions"}],"wp:featuredmedia":[{"embeddable":true,"href":"https:\/\/kentyasam.com.tr\/wp\/wp-json\/wp\/v2\/media\/32205"}],"wp:attachment":[{"href":"https:\/\/kentyasam.com.tr\/wp\/wp-json\/wp\/v2\/media?parent=7286"}],"wp:term":[{"taxonomy":"category","embeddable":true,"href":"https:\/\/kentyasam.com.tr\/wp\/wp-json\/wp\/v2\/categories?post=7286"},{"taxonomy":"post_tag","embeddable":true,"href":"https:\/\/kentyasam.com.tr\/wp\/wp-json\/wp\/v2\/tags?post=7286"}],"curies":[{"name":"wp","href":"https:\/\/api.w.org\/{rel}","templated":true}]}}