{"id":64758,"date":"2016-01-10T00:00:00","date_gmt":"2016-01-10T00:00:00","guid":{"rendered":"http:\/\/kentyasam.com.tr\/wp\/?p=64758"},"modified":"2022-12-13T10:02:30","modified_gmt":"2022-12-13T07:02:30","slug":"izmiri-ismail-efendiye-ait-mezar-tasi","status":"publish","type":"post","link":"https:\/\/kentyasam.com.tr\/wp\/2016\/01\/10\/izmiri-ismail-efendiye-ait-mezar-tasi\/","title":{"rendered":"\u0130zmir\u00ee \u0130smail Efendi&#8217;ye ait mezar ta\u015f\u0131"},"content":{"rendered":"\n<p>Ge\u00e7en y\u0131l bir yaz\u0131mda, Pazaryeri Mahallesi&#8217;nde \u0130plik\u00e7i \u0130smail Dede T\u00fcrbesi ve haziresi biti\u015fi\u011finde bulunan Merdivenli Medrese&#8217;den bahsetmi\u015ftim. \u0130zmir Vak\u0131flar B\u00f6lge M\u00fcd\u00fcrl\u00fc\u011f\u00fc&#8217;nden gelen bilgiyi payla\u015farak konuya gireyim: <i>&#8220;Merdivenli Medrese \u0130zmir ili, Konak il\u00e7esi, Pazaryeri Mahallesi, 1548 ada, 3 parselde bulunmaktad\u0131r. M\u00fclkiyeti \u00f6zel \u015fahsa aittir. Vak\u0131flar Genel M\u00fcd\u00fcrl\u00fc\u011f\u00fc 25\/09\/2014 tarihli makam oluru ile ta\u015f\u0131nmaz\u0131n tamam\u0131n\u0131n kamula\u015ft\u0131r\u0131lmas\u0131na karar vermi\u015f, 2942 say\u0131l\u0131 kamula\u015ft\u0131rma kanunu uyar\u0131nca ta\u015f\u0131nmaz malikleriyle yap\u0131lan uzla\u015fma g\u00f6r\u00fc\u015fmeleri sonuca ula\u015famad\u0131\u011f\u0131ndan kamula\u015ft\u0131rma davas\u0131 a\u00e7\u0131lmas\u0131 gerekmi\u015ftir. Hukuki s\u00fcre\u00e7 devam etmektedir.&#8221;<\/i>\n<br>\n<br>De\u011ferli ara\u015ft\u0131rmac\u0131 Ozan Semerci&#8217;nin &#8220;Hazireler Hazinemizdir \/ \u0130zmir&#8217;in Hazireleri&#8221; kitab\u0131nda \u0130plik\u00e7i \u0130smail Dede T\u00fcrbesi ve haziresi \u00fczerine yazd\u0131klar\u0131n\u0131 hat\u0131rlayal\u0131m: \n<br>\n<br><a href=\"https:\/\/kentyasam.com.tr\/wp\/wp-content\/uploads\/images\/2016\/201601102157193772.jpg\" class=\"thickbox\"><img decoding=\"async\" src=\"https:\/\/kentyasam.com.tr\/wp\/wp-content\/uploads\/images\/2016\/201601102157193772.jpg\" align=\"right\" style=\"width:200px; border:3px solid #dddddd; margin:5px;\" border=\"0\"><\/a><i>&#8220;Mescit, t\u00fcrbe, medrese ve hazire, tek katl\u0131 bir bina ve ayn\u0131 bah\u00e7eye a\u00e7\u0131lan k\u00fc\u00e7\u00fck k\u00fc\u00e7\u00fck odalar. Mezar ta\u015flar\u0131n\u0131n g\u00f6r\u00fcn\u00fc\u015flerine bakarak, ?Burada ilmiye s\u0131n\u0131f\u0131na mensup \u00f6nemli kimseler bulunmaktad\u0131r&#8217; demi\u015ftim. \u0130\u015fte beni sevindiren bu tahminimin do\u011fru \u00e7\u0131kmas\u0131d\u0131r. \u0130plik\u00e7i \u0130smail Dede Haziresi&#8221;nde bulunan mezar ta\u015flar\u0131ndan d\u00f6rd\u00fcn\u00fcn tamam\u0131n\u0131 okuyabildik. Bunlar m\u00fcderris Ali Efendi ile iki k\u0131z\u0131na ve Feyzullah Efendi&#8217;ye ait mezar ta\u015flar\u0131d\u0131r. Feyzullah Efendi&#8217;nin k\u00fc\u00e7\u00fcc\u00fck mezar ta\u015f\u0131nda \u015funlar yaz\u0131l\u0131d\u0131r: Merhum \u0130smail Efendi-zade Feyzullah Efendi ruhuna Fatiha, sene 1129 (1716-17). Hazirede tespit edebildi\u011fim en eski tarih, sahibinin ismi okunamayan 1123 (1711) tarihli mezara ait olup en yenisi 1175 (1761-62) Hatice Han\u0131m&#8217;a ait mezard\u0131r. Yeni ara\u015ft\u0131rmalar elbette ki bu tarihlerde de\u011fi\u015fikliklere sebep olacakt\u0131r.&#8221; (1) <\/i>\n<br>\n<br>\u0130plik\u00e7i \u0130smail Dede T\u00fcrbesi&#8217;nin haziresinde bulunan, \u015fimdiye kadar okunamam\u0131\u015f 1123 (1711-12) tarihli mezar ta\u015f\u0131n\u0131 hep birlikte okuyal\u0131m.\n<br>\n<br><a href=\"https:\/\/kentyasam.com.tr\/wp\/wp-content\/uploads\/images\/2016\/201601102157343772.jpg\" class=\"thickbox\"><img decoding=\"async\" src=\"https:\/\/kentyasam.com.tr\/wp\/wp-content\/uploads\/images\/2016\/201601102157343772.jpg\" align=\"left\" style=\"width:150px; border:3px solid #dddddd; margin:5px;\" border=\"0\"><\/a><i>D\u00fcnya (&#8230;) ehl-i d\u00fcnyan\u0131n (?)\n<br>Her fende etmedi izhar (&#8230;) sen \n<br>\u0130zmir\u00ee \u0130smail Efendi cihanda \n<br>Derya-y\u0131 ilim salm\u0131\u015f idi dil (?) sen\n<br>S\u00fcrd\u00fc adem diyar\u0131na ahir bu r\u00fczg\u00e2r \n<br>Mevla buna k\u00fb\u015f\u00e2d ede l\u00fctfi hazine sen \n<br>Ol k\u00f6hne mal malik-i m\u00fclk-i kemal idi. \n<br>Gen\u00e7 maarif etmi\u015f idi gen\u00e7 sine sen\n<br>Kabre g\u00f6t\u00fcrd\u00fcler o v\u00fcc\u00fbd-\u0131 \u015ferifi halk \n<br>Agu\u015funa h\u00fckm\u00fc ge\u00e7en an\u0131 a\u00e7t\u0131 sine sen \n<br>Tarih i\u00e7\u00fcn tevabiine beriyya dedim \n<br>Defn etti\u011fin zemine \u0130zmir\u00ee ulumun define sen <\/i>\n<br>\n<br>Okunmas\u0131nda zorluk \u00e7ekilen &#8220;\u0130zmir\u00ee \u0130smail Efendi&#8217;nin&#8221; mezar ta\u015f\u0131yla birlikte sandukas\u0131n\u0131n kald\u0131r\u0131l\u0131p t\u00fcrbesinin depo olarak kullan\u0131lmas\u0131, defineciler taraf\u0131ndan ac\u0131mas\u0131zca tahrip edilmesi b\u00fcy\u00fck bir talihsizlik, mezar ta\u015f\u0131n\u0131n kaybolmamas\u0131 ise b\u00fcy\u00fck bir \u015fans.\n<br>\n<br><a href=\"https:\/\/kentyasam.com.tr\/wp\/wp-content\/uploads\/images\/2016\/201601102157423772.jpg\" class=\"thickbox\"><img decoding=\"async\" src=\"https:\/\/kentyasam.com.tr\/wp\/wp-content\/uploads\/images\/2016\/201601102157423772.jpg\" align=\"right\" style=\"width:100px; border:3px solid #dddddd; margin:5px;\" border=\"0\"><\/a>Mezar ta\u015f\u0131nda yaz\u0131lanlar\u0131 okuyunca, \u0130zmir\u00ee \u0130smail Efendi&#8217;nin ilim irfan sahibi, sevilen bir insan oldu\u011funu g\u00f6r\u00fcyoruz.\n<br>\n<br>\u0130plik\u00e7i \u0130smail Dede T\u00fcrbesi ve Haziresi biti\u015fi\u011finde bulunan Merdivenli Medrese&#8217;nin ad\u0131 Prof. Dr. M\u00fcnir Aktepe&#8217;nin &#8220;\u0130zmir Yaz\u0131lar\u0131 \/ Camiler, Hanlar, Medreseler ve Sebiller&#8221; (2) kitab\u0131n\u0131n medreseler b\u00f6l\u00fcm\u00fcnde ge\u00e7mez, ancak eski \u0130zmir \u00e7e\u015fmelerinin yerini tarif ederken ge\u00e7er. \n<br>\n<br>\u0130plik\u00e7i \u0130smail Dede Haziresi&#8217;nin giri\u015fi Prof. Dr. M\u00fcnir Aktepe&#8217;nin bahsetti\u011fi \u00e7e\u015fme, K\u00f6pr\u00fcl\u00fc Ahmet Pa\u015fa Vakf\u0131&#8217;nda ad\u0131 ge\u00e7en \u00e7e\u015fmelerden biridir. &#8220;Merdivenli Medrese pi\u015fgah\u0131nda (\u00f6n\u00fcnde) merhum Helvac\u0131 Hac\u0131 Hasan A\u011fa hanesi duvar\u0131nda bulunan&#8221; \u00e7e\u015fmedir. (3) \n<br>\n<br><a href=\"https:\/\/kentyasam.com.tr\/wp\/wp-content\/uploads\/images\/2016\/201601102157273772.jpg\" class=\"thickbox\"><img decoding=\"async\" src=\"https:\/\/kentyasam.com.tr\/wp\/wp-content\/uploads\/images\/2016\/201601102157273772.jpg\" align=\"left\" style=\"width:200px; border:3px solid #dddddd; margin:5px;\" border=\"0\"><\/a>Merdivenli Medrese, Prof. Dr. M\u00fcnir Aktepe&#8217;nin &#8220;\u0130zmir Yaz\u0131lar\u0131 \/ Camiler, Hanlar, Medreseler ve Sebiller&#8221; kitab\u0131nda yazd\u0131\u011f\u0131 \u015eeyh Mahallesi&#8217;nde bulunan, Ankara Vak\u0131flar Genel M\u00fcd\u00fcrl\u00fc\u011f\u00fc ar\u015fivinde kayd\u0131 olan &#8220;\u0130smail Efendi Medresesi&#8221; olmal\u0131d\u0131r.\n<br>\n<br>\u0130smail Efendi Medresesi, bulundu\u011fu arazinin e\u011fimli olmas\u0131 ve merdivenle ula\u015f\u0131ld\u0131\u011f\u0131 i\u00e7in zaman i\u00e7erisinde as\u0131l ad\u0131 unutulup Merdivenli Medrese olarak an\u0131lm\u0131\u015f &#8220;\u0130plik\u00e7i&#8221; ad\u0131 t\u00fcrbe ve haziresine tak\u0131lan bez ve ip ba\u011flanmas\u0131ndan sonra konulmu\u015ftur. Prof. Dr. M\u00fcnir Aktepe&#8217;nin belirtdi\u011fi gibi medreseler banilerinin ismiyle bilinir.\n<br>\n<br>Medresenin kurulu\u015fu \u0130zmir\u00ee \u0130smail Efendi&#8217;nin \u00f6l\u00fcm\u00fcnden \u00f6nceki y\u0131llara, 17. Y\u00fczy\u0131l sonlar\u0131na veya ba\u015flar\u0131na tarihlenebilir.\n<br>\n<br>Hazirede mezar\u0131 bulunan \u0130smail Efendi-zade Feyzullah Efendi&#8217;nin, \u0130zmir\u00ee \u0130smail Efendi&#8217;nin o\u011flu olmas\u0131 ihtimali y\u00fcksektir.\n<br>\n<br><a href=\"https:\/\/kentyasam.com.tr\/wp\/wp-content\/uploads\/images\/2016\/201601102157493772.jpg\" class=\"thickbox\"><img decoding=\"async\" src=\"https:\/\/kentyasam.com.tr\/wp\/wp-content\/uploads\/images\/2016\/201601102157493772.jpg\" align=\"right\" style=\"width:100px; border:3px solid #dddddd; margin:5px;\" border=\"0\"><\/a>B\u00f6ylesine \u00f6nemli mezar ta\u015f\u0131n\u0131n okunmas\u0131n\u0131n \u00f6yk\u00fcs\u00fc bir ba\u015fka yaz\u0131m\u0131n konusu olacakt\u0131r. \u0130zmir-i \u0130smail Efendi&#8217;nin ad\u0131na yak\u0131\u015f\u0131r \u015fekilde mezar\u0131n\u0131n korunmas\u0131, kal\u0131nt\u0131s\u0131 dahi olsa, hangi adla an\u0131l\u0131rsa an\u0131ls\u0131n medresesinin ortaya \u00e7\u0131kar\u0131lmas\u0131 \u0130zmir tarihi i\u00e7in \u00f6nemlidir. \n<br>\n<br>Verilen eme\u011fin, y\u00fczlerce kez hazireye gidip gelmenin, hazireyi kent insanlar\u0131na ve y\u00f6neticilerine tan\u0131tman\u0131n hediyesi manevidir. Yerel ara\u015ft\u0131r\u0131c\u0131lar\u0131n \u00e7o\u011fu bu manevi hazz\u0131 duymak i\u00e7in \u00e7abalarlar. \u0130stimlakler sonras\u0131 uzmanlar\u0131n medresenin bulundu\u011fu alanda yapaca\u011f\u0131 \u00e7al\u0131\u015fmalar bir \u00e7ok bilinmeyeni ortaya \u00e7\u0131karacakt\u0131r. \u0130zmir&#8217;in zenginliklerini anlatmaya devam edece\u011fim.\n<br>\n<br><b>Kaynak\u00e7a<\/b>\n<br>(1) Ozan Semerci&#8221;Hazireler Hazinemizdir, \u0130zmir&#8217;in Hazireleri \n<br>(2) ve (3) Prof. Dr. M\u00fcnir Aktepe &#8220;\u0130zmir Yaz\u0131lar\u0131 Camiler, Hanlar, Medreseler ve Sebiller&#8221; \n<br>\n<br><b>(Foto\u011fraf: Atilla \u00d6zdemir)<\/b><\/p>\n<h3>Related Images:<\/h3>","protected":false},"excerpt":{"rendered":"<div class=\"mh-excerpt\"><p>Ge\u00e7en y\u0131l bir yaz\u0131mda, Pazaryeri Mahallesi&#8217;nde \u0130plik\u00e7i \u0130smail Dede T\u00fcrbesi ve haziresi biti\u015fi\u011finde bulunan Merdivenli Medrese&#8217;den bahsetmi\u015ftim. \u0130zmir Vak\u0131flar B\u00f6lge M\u00fcd\u00fcrl\u00fc\u011f\u00fc&#8217;nden gelen bilgiyi payla\u015farak konuya <a class=\"mh-excerpt-more\" href=\"https:\/\/kentyasam.com.tr\/wp\/2016\/01\/10\/izmiri-ismail-efendiye-ait-mezar-tasi\/\" title=\"\u0130zmir\u00ee \u0130smail Efendi&#8217;ye ait mezar ta\u015f\u0131\">[&#8230;]<\/a><\/p>\n<\/div>","protected":false},"author":1,"featured_media":0,"comment_status":"open","ping_status":"open","sticky":false,"template":"","format":"standard","meta":{"ngg_post_thumbnail":0,"footnotes":""},"categories":[31],"tags":[],"_links":{"self":[{"href":"https:\/\/kentyasam.com.tr\/wp\/wp-json\/wp\/v2\/posts\/64758"}],"collection":[{"href":"https:\/\/kentyasam.com.tr\/wp\/wp-json\/wp\/v2\/posts"}],"about":[{"href":"https:\/\/kentyasam.com.tr\/wp\/wp-json\/wp\/v2\/types\/post"}],"author":[{"embeddable":true,"href":"https:\/\/kentyasam.com.tr\/wp\/wp-json\/wp\/v2\/users\/1"}],"replies":[{"embeddable":true,"href":"https:\/\/kentyasam.com.tr\/wp\/wp-json\/wp\/v2\/comments?post=64758"}],"version-history":[{"count":0,"href":"https:\/\/kentyasam.com.tr\/wp\/wp-json\/wp\/v2\/posts\/64758\/revisions"}],"wp:attachment":[{"href":"https:\/\/kentyasam.com.tr\/wp\/wp-json\/wp\/v2\/media?parent=64758"}],"wp:term":[{"taxonomy":"category","embeddable":true,"href":"https:\/\/kentyasam.com.tr\/wp\/wp-json\/wp\/v2\/categories?post=64758"},{"taxonomy":"post_tag","embeddable":true,"href":"https:\/\/kentyasam.com.tr\/wp\/wp-json\/wp\/v2\/tags?post=64758"}],"curies":[{"name":"wp","href":"https:\/\/api.w.org\/{rel}","templated":true}]}}