{"id":64491,"date":"2014-05-04T00:00:00","date_gmt":"2014-05-04T00:00:00","guid":{"rendered":"http:\/\/kentyasam.com.tr\/wp\/?p=64491"},"modified":"2014-05-04T00:00:00","modified_gmt":"2014-05-04T00:00:00","slug":"manisa-kultur-turu","status":"publish","type":"post","link":"https:\/\/kentyasam.com.tr\/wp\/2014\/05\/04\/manisa-kultur-turu\/","title":{"rendered":"Manisa k\u00fclt\u00fcr turu"},"content":{"rendered":"Ara s\u0131ra \u0130zmir d\u0131\u015f\u0131na \u00e7\u0131kt\u0131\u011f\u0131m oluyor. Manisa &#8211; \u0130zmir aras\u0131 36 kilometre. Geleneksel \u0093Mesir G\u00fcnleri\u0094nden bir g\u00fcn \u00f6nce tarihi Manisa\u0092y\u0131 gezme olana\u011f\u0131n\u0131 bulduk. Ege Derne\u011fi\u0092nin daveti \u00fczerine foto\u011fraf sanat\u00e7\u0131s\u0131 dostlar\u0131m, T\u00fclin ve Birol \u00dczmez, Oktay Acar\u0092la birlikte 26 Nisan 2014 tarihinde Manisa\u0092ya gidip \u0093Manisa K\u00fclt\u00fcr Turizmi Potansiyeli Payda\u015f Analizi ve Strateji \u00d6nerileri Projesi Etkinli\u011fi\u0092ne kat\u0131ld\u0131k. \r<br>\r<br>Gezi \u00f6ncesi, Manisa \u00fczerine bilgilerimi tazeledim, kitaplar kar\u0131\u015ft\u0131rd\u0131m. Homeros, Tantalos, Amphion, Zeus, Niobe, Hitit, Aka, Frigya Lidya, Helen, Roma, Bizans, Saruhano\u011fullar\u0131, Osmanl\u0131 . Magnesia, arkeoloji, m\u00fcze, mitoloji, camii, \u00e7e\u015fme, imarethane, k\u00f6pr\u00fc, medrese t\u00fcrbe, mesir, tar\u0131m, hal\u0131, lale, \u00fcz\u00fcm, zeytin, da\u011f, ova, ne varsa g\u00f6z att\u0131m&#8230; \r<br>\r<br>K\u00fclt\u00fcr ve Turizm eski M\u00fcd\u00fcr\u00fc ara\u015ft\u0131rmac\u0131 yazar Hakk\u0131 Avan ve proje koordinat\u00f6r\u00fc Alp Tunay y\u00f6netiminde d\u00fczenlenen k\u00fclt\u00fcr turu keyifli ge\u00e7ti. Bir ara rehberimize, \u0093Manisa Gazi \u0130lkokulu nerede?\u0094 diye sordum. Sevgili Ya\u015far \u00dcr\u00fck anlatm\u0131\u015ft\u0131, en kaliteli piyano 1936-1937 y\u0131l\u0131nda a\u00e7\u0131lan Manisa K\u0131z Enstit\u00fcs\u00fc\u0092ne g\u00f6nderilmi\u015f. Bu okul 1946 y\u0131l\u0131nda Manisa Lisesi, 1957-1958 y\u0131l\u0131nda da Manisa Gazi \u0130lkokulu ad\u0131yla hizmet vermi\u015f. \r<br>\r<br>Gazi \u0130lkokulu\u0092nun kurulu\u015f y\u0131llar\u0131 benim ilkokul y\u0131llar\u0131mla \u00e7ak\u0131\u015f\u0131yor. Haf\u0131zamda yer etmi\u015f bir olay\u0131 payla\u015fmak istiyorum.Yakla\u015f\u0131k elli y\u0131l \u00f6nce Manisa Gazi \u0130lkokulu 3 A \u00f6\u011frencileri har\u00e7l\u0131klar\u0131ndan biriktirdikleri paralarla ba\u015fka bir \u015fehrimizde \u00f6\u011fretim yapan Gazi \u0130lkokulu 3 A s\u0131n\u0131f\u0131 \u00f6\u011frencilerine tahta kutu i\u00e7ersinde kuru \u00fcz\u00fcm g\u00f6ndermi\u015flerdi. Manisa ve Manisal\u0131lar\u0092a duygusall\u0131\u011f\u0131m karde\u015f okuldan okulumuza g\u00f6nderilen ve benim hisseme d\u00fc\u015fen bir avu\u00e7 kuru \u00fcz\u00fcmle ba\u015flad\u0131&#8230; \r<br>\r<br>Haz\u0131r Manisa\u0092ya gelmi\u015fken Gazi \u0130lkokulu\u0092nu ziyaret edip, yerinde duruyorsa d\u00f6neminin en kaliteli piyanosunu dokunmak, sa\u00e7lar\u0131 benim gibi beyazla\u015fm\u0131\u015f, hi\u00e7 tan\u0131mad\u0131\u011f\u0131m arkada\u015flar\u0131m\u0131 g\u00f6r\u00fcp kucakla\u015fmak kadar anlaml\u0131 ve heyecanl\u0131 olacakt\u0131&#8230; Farkl\u0131 bir g\u00fczergahta oldu\u011fu i\u00e7in bu bulu\u015fmay\u0131 bir ba\u015fka Manisa gezisine erteledim. G\u00fcn\u00fcm\u00fczde ya\u015fanan kaba hem\u015fehrilik ili\u015fkilerini ge\u00e7elim, o y\u0131llarda \u00f6\u011fretmenlerimiz, birbirimizden uzakta olsak da kentler aras\u0131 ileti\u015fimi, yurtta\u015fl\u0131k ba\u011flar\u0131n\u0131 minik \u00f6\u011frencilerine b\u00f6yle kurduruyorlard\u0131&#8230; \r<br>\r<br><img decoding=\"async\" src=\"http:\/\/www.kentyasam.com.tr\/Konuk\/04052014ob03.jpg\" border=\"0\" style=\"border:3px solid #dddddd; padding:2px; margin-right:10px;\">Geziye, \u00c7ayba\u015f\u0131 Deresi\u0092nden ba\u015flad\u0131k, bahar dereyi ulu \u00e7\u0131nar a\u011fa\u00e7lar\u0131yla ye\u015fil bir cennet yapm\u0131\u015f. Koku filan yok, her yer tertemiz. Kar\u015f\u0131 k\u0131y\u0131ya ge\u00e7ti\u011fimiz k\u00f6pr\u00fcn\u00fcn alt\u0131nda ba\u015fka bir k\u00f6pr\u00fc oldu\u011funu fark ettim, t\u0131pk\u0131 bizim Ye\u015fildere\u0092de sakl\u0131 olan Kervan k\u00f6pr\u00fcm\u00fcz gibi&#8230; Dostlara, \u0093Manisa il k\u00fclt\u00fcr envanteri \u00e7\u0131kar\u0131ld\u0131 m\u0131?\u0094 diye sordum, hen\u00fcz \u00e7\u0131kar\u0131lmam\u0131\u015f, haz\u0131rlan\u0131yormu\u015f&#8230; \u015eehzadeler \u015fehrinde halen k\u00fclt\u00fcr envanteri olmamas\u0131 b\u00fcy\u00fck eksiklik&#8230; \r<br>\r<br><img decoding=\"async\" src=\"http:\/\/www.kentyasam.com.tr\/Konuk\/04052014ob06.jpg\" border=\"0\" style=\"border:3px solid #dddddd; padding:2px; margin-right:10px;\">Sokak aras\u0131nda kar\u015f\u0131m\u0131za \u00e7\u0131kan Sinan Bey Medresesi bizleri 1549\u0092lu y\u0131llara g\u00f6t\u00fcrd\u00fc. Kapal\u0131 oldu\u011fu i\u00e7in i\u00e7eri giremedik. Y\u0131\u011fma ta\u015ftan in\u015fa edilmi\u015f dikd\u00f6rtgen planl\u0131 tarihi yap\u0131 1985 y\u0131l\u0131nda onar\u0131m g\u00f6rm\u00fc\u015f. Farkl\u0131 malzemeler ve \u00e7imento harc\u0131yla yap\u0131lm\u0131\u015f melez imalatlar hemen kendisini g\u00f6steriyor, ke\u015fke onar\u0131m s\u0131ras\u0131nda restorasyon hatalar\u0131 yap\u0131lmasayd\u0131&#8230; \r<br>\r<br><img decoding=\"async\" src=\"http:\/\/www.kentyasam.com.tr\/Konuk\/04052014ob02.jpg\" border=\"0\" style=\"border:3px solid #dddddd; padding:2px; margin-right:10px;\">Oradan 1484 y\u0131l\u0131na tarihlenen yivli minareli \u0130vaz Pa\u015fa Camisi\u0092ne y\u00fcr\u00fcd\u00fck. Burada da benzer hatalar g\u00f6rd\u00fck&#8230; Kabak Tekkesi, Yedik\u0131zlar T\u00fcrbesi, Dere Hamam\u0131, Revak Sultan T\u00fcrbesi, kapal\u0131yd\u0131. Mesir g\u00fcnleri i\u00e7in Manisa\u0092ya gelen yerli turistler, ata yadig\u00e2rlar\u0131n\u0131 bizler gibi d\u0131\u015far\u0131dan seyretmek zorunda kald\u0131lar. \r<br>\r<br><img decoding=\"async\" src=\"http:\/\/www.kentyasam.com.tr\/Konuk\/04052014ob07.jpg\" border=\"0\" style=\"border:3px solid #dddddd; padding:2px; margin-right:10px;\">A\u011flayan Kaya\u0092n\u0131n ilerisinde \u0093Manisa Tarzan\u0131\u0094 filmi i\u00e7in plato olarak kullan\u0131lan K\u0131r Kahvesi y\u00f6resinde kar\u015f\u0131m\u0131za \u00e7\u0131kan tek g\u00f6zl\u00fc tarihi k\u00f6pr\u00fcn\u00fcn bak\u0131ms\u0131zl\u0131\u011f\u0131 dikkatimden ka\u00e7mad\u0131&#8230; \r<br>\r<br><img decoding=\"async\" src=\"http:\/\/www.kentyasam.com.tr\/Konuk\/04052014ob05.jpg\" border=\"0\" style=\"border:3px solid #dddddd; padding:2px; margin-right:10px;\">Saruhan Bey\u0092in torunu \u0130shak \u00c7elebi taraf\u0131ndan yapt\u0131r\u0131lan Mevlevihane\u0092nin ya\u015fat\u0131lmas\u0131 sevindirici, ancak sevincimiz k\u0131sa s\u00fcrd\u00fc. Giri\u015fte ne Sel\u00e7uklu ne de Osmanl\u0131 mimarisinde g\u00f6r\u00fclmeyen farkl\u0131 bir g\u00f6r\u00fcnt\u00fcyle kar\u015f\u0131la\u015ft\u0131k, i\u00e7eride bizleri duvara as\u0131l\u0131 LCD televizyonu kar\u015f\u0131lad\u0131. Tarihi Mevlevihane daha \u00e7ok hamam g\u00f6r\u00fcnt\u00fcs\u00fcndeydi&#8230; \r<br>\r<br><img decoding=\"async\" src=\"http:\/\/www.kentyasam.com.tr\/Konuk\/04052014ob01.jpg\" border=\"0\" style=\"border:3px solid #dddddd; padding:2px; margin-right:10px;\">Oradan Ulu Cami, \u0130shak \u00c7elebi T\u00fcrbesi\u0092ne gittik. T\u00fcrbe burada da kapal\u0131 oldu\u011fu i\u00e7in ziyaret etme olana\u011f\u0131m\u0131z olmad\u0131&#8230; Muradiye Camisi\u0092nde g\u00f6z\u00fcm\u00fcze tak\u0131lanlar oldu, Mesir Camisi revaklar\u0131nda abart\u0131l\u0131 renkler, Saruhan Bey heykelindeki orant\u0131s\u0131zl\u0131k&#8230; \r<br>\r<br><img decoding=\"async\" src=\"http:\/\/www.kentyasam.com.tr\/Konuk\/04052014ob08.jpg\" border=\"0\" style=\"border:3px solid #dddddd; padding:2px; margin-right:10px;\">Son olarak \u015fifahaneye u\u011frad\u0131k, k\u00fc\u00e7\u00fck h\u00fccrelerde Osmanl\u0131 d\u00f6neminde mankenler \u00fczerinde cerrahlar\u0131n yapt\u0131\u011f\u0131 sa\u011falt\u0131m\u0131 g\u00f6steren g\u00f6r\u00fcnt\u00fcler ilgi \u00e7ekti\u011finden olacak, ziyaret\u00e7isi bir hayli fazlayd\u0131. \u015eifahane avlusunda \u00e7ay i\u00e7ip s\u00f6yle\u015ftik&#8230; Beylik ve Osmanl\u0131 d\u00f6nemi eserlerinin sanki tek bir elden ve ayn\u0131 anda \u00e7\u0131km\u0131\u015f gibi birbirine benzetme hatalar\u0131ndan bir an \u00f6nce vazge\u00e7ilmesi, turistik de\u011ferlerin g\u00f6rsel haf\u0131zada kalacak \u015fekilde profesyonelce sunmas\u0131 \u00fczerine g\u00f6r\u00fc\u015f belirttim&#8230;\r<br>\r<br><img decoding=\"async\" src=\"http:\/\/www.kentyasam.com.tr\/Konuk\/04052014ob04.jpg\" border=\"0\" style=\"border:3px solid #dddddd; padding:2px; margin-right:10px;\">Manisa\u0092dan ayr\u0131l\u0131rken yol \u00fcst\u00fcndeki f\u0131r\u0131nc\u0131n\u0131n \u0131srarla tavsiye etti\u011fi ekme\u011fin kokusu sofrada bana biraz a\u011f\u0131r geldi. \u0130zmir\u0092de f\u0131r\u0131nc\u0131 dostlara tatt\u0131rd\u0131m, nohut mayas\u0131n\u0131n bozuk olmas\u0131ndan kaynakland\u0131\u011f\u0131n\u0131 s\u00f6ylediler. Bundan sonraki seyahatlerimde bu f\u0131r\u0131ndan ekmek almam, ancak \u00e7orbas\u0131n\u0131 i\u00e7ip, Manisa k\u00f6ftesi ve kabak tatl\u0131s\u0131n\u0131 yemek i\u00e7in Ta\u015f Fabrika Restoran\u0092a tabii ki giderim. Eski un ve \u00e7\u0131r\u00e7\u0131r fabrikas\u0131 abart\u0131ya ka\u00e7madan sahipleri taraf\u0131ndan restorana d\u00f6n\u00fc\u015ft\u00fcr\u00fcl\u00fcp m\u00fckemmel bir ortam yarat\u0131lm\u0131\u015f. \r<br>\r<br>Dedi\u011fim gibi, Manisa \u00e7ocukluk y\u0131llar\u0131mdan beri sevdi\u011fim \u015fehir. T\u00fcrk\u00fcs\u00fc de var: \u0093Of aman aman Manisa \/ Manisa \u00fcz\u00fcm\u00fcn bolca olsa\u0085\u0094\r<br> \r<br>\u00dcz\u00fcm\u00fcn bol, ziyaret\u00e7in ve koruyan\u0131n \u00e7ok olsun Manisa&#8230; \r<br>\r<br>(Foto\u011fraflar: T\u00fclin \u015ea\u015fmaz \u00dczmez) <h3>Related Images:<\/h3>","protected":false},"excerpt":{"rendered":"<div class=\"mh-excerpt\"><p>Ara s\u0131ra \u0130zmir d\u0131\u015f\u0131na \u00e7\u0131kt\u0131\u011f\u0131m oluyor. Manisa &#8211; \u0130zmir aras\u0131 36 kilometre. Geleneksel \u0093Mesir G\u00fcnleri\u0094nden bir g\u00fcn \u00f6nce tarihi Manisa\u0092y\u0131 gezme olana\u011f\u0131n\u0131 bulduk. Ege Derne\u011fi\u0092nin <a class=\"mh-excerpt-more\" href=\"https:\/\/kentyasam.com.tr\/wp\/2014\/05\/04\/manisa-kultur-turu\/\" title=\"Manisa k\u00fclt\u00fcr turu\">[&#8230;]<\/a><\/p>\n<\/div>","protected":false},"author":1,"featured_media":0,"comment_status":"open","ping_status":"open","sticky":false,"template":"","format":"standard","meta":{"ngg_post_thumbnail":0,"footnotes":""},"categories":[31],"tags":[],"_links":{"self":[{"href":"https:\/\/kentyasam.com.tr\/wp\/wp-json\/wp\/v2\/posts\/64491"}],"collection":[{"href":"https:\/\/kentyasam.com.tr\/wp\/wp-json\/wp\/v2\/posts"}],"about":[{"href":"https:\/\/kentyasam.com.tr\/wp\/wp-json\/wp\/v2\/types\/post"}],"author":[{"embeddable":true,"href":"https:\/\/kentyasam.com.tr\/wp\/wp-json\/wp\/v2\/users\/1"}],"replies":[{"embeddable":true,"href":"https:\/\/kentyasam.com.tr\/wp\/wp-json\/wp\/v2\/comments?post=64491"}],"version-history":[{"count":0,"href":"https:\/\/kentyasam.com.tr\/wp\/wp-json\/wp\/v2\/posts\/64491\/revisions"}],"wp:attachment":[{"href":"https:\/\/kentyasam.com.tr\/wp\/wp-json\/wp\/v2\/media?parent=64491"}],"wp:term":[{"taxonomy":"category","embeddable":true,"href":"https:\/\/kentyasam.com.tr\/wp\/wp-json\/wp\/v2\/categories?post=64491"},{"taxonomy":"post_tag","embeddable":true,"href":"https:\/\/kentyasam.com.tr\/wp\/wp-json\/wp\/v2\/tags?post=64491"}],"curies":[{"name":"wp","href":"https:\/\/api.w.org\/{rel}","templated":true}]}}