{"id":64120,"date":"2012-06-11T00:00:00","date_gmt":"2012-06-11T00:00:00","guid":{"rendered":"http:\/\/kentyasam.com.tr\/wp\/?p=64120"},"modified":"2012-06-11T00:00:00","modified_gmt":"2012-06-11T00:00:00","slug":"iki-yil-olmus","status":"publish","type":"post","link":"https:\/\/kentyasam.com.tr\/wp\/2012\/06\/11\/iki-yil-olmus\/","title":{"rendered":"\u0130ki y\u0131l olmu\u015f&#8230;"},"content":{"rendered":"Ya\u015farken de \u00f6ld\u00fc\u011f\u00fcnde de b\u00f6yle bir yaz\u0131 yazmak akl\u0131m\u0131n ucundan ge\u00e7mezdi. \u00c7o\u011funlukla tart\u0131\u015f\u0131rd\u0131k g\u00fczelce&#8230; \r<br>\r<br>Ama insan gibi, y\u00fcz y\u00fcze&#8230;\r<br>\r<br>Birbirimizin ard\u0131ndan konu\u015ftu\u011fumuzda oldu. Ama iftira, hakaret, insanl\u0131k d\u0131\u015f\u0131 s\u00f6ylem sahibi olmad\u0131k hi\u00e7&#8230;\r<br>\r<br>Kabul etmese de &#8220;gazete patronuydu&#8221;&#8230; Ona &#8220;medya patronu&#8221; diyordum, acayip k\u0131z\u0131yordu. \r<br>\r<br>Tek derdi gazetesiydi&#8230; \r<br>\r<br>Daha \u00e7ok okunsun ve \u00f6zellikle de daha \u00e7ok gen\u00e7 gazeteci \u00e7al\u0131\u015fs\u0131n, kazans\u0131n&#8230;\r<br>\r<br>Herkese iyiydi aras\u0131 ama &#8220;yalaka&#8221; olmad\u0131 hi\u00e7&#8230; \r<br>\r<br>Rak\u0131 masalar\u0131na oturdu ama \u00fc\u00e7 kuru\u015fluk adamlara &#8220;meze&#8221; olmad\u0131 hi\u00e7&#8230; Nab\u0131z tutmas\u0131n\u0131 da, hayk\u0131rmas\u0131n\u0131 da iyi biliyordu&#8230;\r<br>\r<br>Kendine &#8220;gazeteci&#8221; diye kartvizit bast\u0131r\u0131p ortalarda dola\u015fan &#8220;\u00e7akmalara&#8221; ben k\u0131zard\u0131m, o g\u00fclerdi&#8230;\r<br>\r<br>Kendi haberini kendi yapar&#8230;\r<br>\r<br>Kendi yaz\u0131s\u0131n\u0131 kendi yazar&#8230;\r<br>\r<br>Kendi g\u00fcndemini kendi belirlerdi&#8230;\r<br>\r<br>Ka\u00e7 kere yazd\u0131m ka\u00e7 kere b\u0131rakt\u0131m bilmiyorum&#8230;\r<br>\r<br>Bazen &#8220;onun ili\u015fkilerini de&#8221; etkilerdi yazd\u0131klar\u0131m&#8230; \u0130\u00e7ime sinmez arard\u0131m &#8220;usta pardon!&#8221;\r<br>\r<br>G\u00fclerdi&#8230; &#8220;\u0130\u015fine bak birader, devam, devam&#8230;&#8221;\r<br>\r<br>D\u00fc\u015fene vuran zamane medya baronlar\u0131ndan olmad\u0131&#8230;\r<br>\r<br>Ya da kimseyi d\u00fc\u015f\u00fcrmedi, herkesi d\u00fc\u015f\u00fcnd\u00fc&#8230;\r<br>\r<br>\u00d6yle ki, yazd\u0131klar\u0131ndan ho\u015flanmay\u0131p ekranlar boyu hakaretler ya\u011fd\u0131ranlara bile kap\u0131s\u0131n\u0131 a\u00e7t\u0131. Kendini k\u00fc\u00e7\u00fcmseyenleri, gazetesini ezmeye \u00e7al\u0131\u015fanlar\u0131 bile &#8220;Bo\u015f veeer&#8221; diye ge\u00e7i\u015ftirirdi&#8230;\r<br>\r<br>Ne zaman t\u00f6kezlesem&#8230; \r<br>\r<br>D\u00fc\u015fsem&#8230; \r<br>\r<br>D\u00fc\u015f\u00fcr\u00fclsem&#8230; Biliyordum, arayacakt\u0131&#8230; Arad\u0131&#8230;\r<br>\r<br>&#8220;Birader k\u00f6\u015fen haz\u0131r, sadece yaz ve yolla. Dertlisin, i\u00e7ini d\u00f6k sonra konu\u015fal\u0131m&#8230;&#8221;\r<br>\r<br>\u00d6yle s\u0131k\u0131 f\u0131k\u0131 yak\u0131nl\u0131\u011f\u0131m olmad\u0131 onunla&#8230;\r<br>\r<br>K\u0131zd\u0131\u011f\u0131m, k\u00fcst\u00fc\u011f\u00fcm de oldu&#8230; \r<br>\r<br>Ama ne yalana ka\u00e7ay\u0131m aram\u0131zda &#8220;ba\u015fka&#8221; bir sevgi vard\u0131 galiba&#8230; \r<br>\r<br>\u00d6yle olmasa neden ikide bir ayaklar\u0131m beni mezar\u0131na g\u00f6t\u00fcrs\u00fcn?\r<br>\r<br>\u00d6yle olmasa neden \u00e7al\u0131\u015fma masama her oturu\u015fumda, kar\u015f\u0131mda g\u00fclen y\u00fcz\u00fcne selam vereyim? Neden hala foto\u011fraf\u0131n\u0131 orada tutay\u0131m?\r<br>\r<br>\u00c7\u00fcnk\u00fc &#8220;farkl\u0131yd\u0131&#8221;&#8230;\r<br>\r<br><img decoding=\"async\" src=\"http:\/\/www.kentyasam.com.tr\/Konuk\/11062012htk01.jpg\" border=\"0\" style=\"border:3px solid #dddddd; padding:2px; margin-right:10px;\" align=\"left\">Sevgili Mahir Din\u00e7 aram\u0131\u015ft\u0131 beni&#8230; Sevgili karde\u015fim &#8220;Abi, Fevzi Abi hastanede, birlikte gidelim mi?&#8221; dedi&#8230; &#8220;Olmaz&#8221; dedim. &#8220;Ben gidemem, onu hasta yata\u011f\u0131nda g\u00f6remem&#8230;&#8221;\r<br>\r<br>Sonra \u00e7\u0131kt\u0131 hastaneden, Ege \u00dcniversitesi&#8217;ndeydi san\u0131r\u0131m&#8230; \r<br>\r<br>Bir iki kez \u00fc\u00e7 de\u011fil, telefonla konu\u015ftuk. \r<br>\r<br>O k\u0131s\u0131k sesi beynime kaz\u0131nd\u0131&#8230;\r<br>\r<br>Sessiz gecelerde, balkonda sigara yakt\u0131\u011f\u0131mda neden bilmem son konu\u015fmalar\u0131m\u0131z gelir o k\u0131s\u0131k sesiyle kula\u011f\u0131ma sanki, &#8220;B\u0131rakamad\u0131n de\u011fil mi o z\u0131kk\u0131m\u0131?&#8221;\r<br>\r<br>Buraya kadar kimden s\u00f6z etti\u011fimi ka\u00e7\u0131n\u0131z anlad\u0131 bilemem&#8230;\r<br>\r<br>Ben Fevzi Y\u0131lmaz&#8217;dan s\u00f6z ediyorum&#8230; \r<br>\r<br>&#8220;\u0130zmir&#8217;e Yak\u0131n Plan Gazetesi&#8221; sahibi, muhabiri, k\u00f6\u015fe yazar\u0131 abimden&#8230;\r<br>\r<br><i><b>\u0130zmir&#8217;e Yak\u0131n Plan Gazetesi alt\u0131 ya\u015f\u0131nda<\/b>\r<br>\r<br>\u0130zmir&#8217;in haftal\u0131k gazetesi \u0130zmir&#8217;e Yak\u0131n Plan kurulu\u015fundan bu yana be\u015f y\u0131l\u0131 geride b\u0131rakt\u0131. \u0130lk say\u0131s\u0131 20 A\u011fustos 2003 g\u00fcn\u00fc yay\u0131mlanan Yak\u0131n Plan Gazetesi, ge\u00e7en be\u015f y\u0131lda 244 say\u0131s\u0131yla okurlar\u0131na ula\u015ft\u0131. Yak\u0131n Plan Gazetesi \u0130mtiyaz Sahibi Fevzi Y\u0131lmaz, \u00f6n\u00fcm\u00fczdeki hafta Yak\u0131n Plan&#8217;n\u0131n alt\u0131nc\u0131 ya\u015f \u00f6zel say\u0131s\u0131n\u0131 77. \u0130EF eki ile birlikte \u00e7\u0131karacaklar\u0131n\u0131 duyurdu. Gazeteci Y\u0131lmaz, &#8220;Ne mutlu ki k\u00fc\u00e7\u00fcc\u00fck bir matbaada, emanet iki bilgisayarla yola \u00e7\u0131kan Yak\u0131n Plan uzun emekler, zorlu m\u00fccadeleler sonras\u0131 bug\u00fcnlere geldi. Yak\u0131n Plan art\u0131k bayilerde sat\u0131lan \u0130zmir ve il\u00e7elerinin t\u00fcm\u00fcnde okuyucusuna ula\u015fan, okurlar\u0131n\u0131n sesi olan, kabu\u011funu k\u0131rm\u0131\u015f, hatta g\u00fcnl\u00fck \u00e7\u0131kma sanc\u0131lar\u0131 duyan bir gazete&#8221; diye konu\u015ftu. Gazetenin son say\u0131s\u0131nda yay\u0131mlanan yaz\u0131s\u0131nda okurlara seslenen Fevzi Y\u0131lmaz, &#8220;Yay\u0131n hayat\u0131na \u0091Olmaz, gazete tutmaz!&#8217; denen bir d\u00f6nemde ba\u015flayan Yak\u0131n Plan, sizlerin deste\u011fiyle \u0091olmaz&#8217; s\u00f6zc\u00fc\u011f\u00fcn\u00fc yalanmay\u0131 hedefleyerek yoluna devam eden bir gazete. Bazen h\u0131rs yapt\u0131. Bazen yokluklarla sava\u015ft\u0131. Ama hep yay\u0131nland\u0131. Sizi habersiz b\u0131rakmama ad\u0131na hi\u00e7 kaytarmad\u0131. Her pazar size ula\u015ft\u0131. Yak\u0131n Plan, ilk g\u00fcn oldu\u011fu gibi de hep \u0091sizi yazd\u0131.&#8217; Yay\u0131n hayat\u0131n\u0131 s\u00fcrd\u00fcrd\u00fc\u011f\u00fc s\u00fcrece de sizi yazmaya devam edecek&#8221; dedi. Y\u0131lmaz, &#8220;Duru\u015funu, habercili\u011fini, tarafs\u0131zl\u0131k \u00e7izgisini hi\u00e7 bozmadan Yak\u0131n Plan&#8217;\u0131n bug\u00fcnlere gelmesine katk\u0131da bulunan t\u00fcm Yak\u0131n Plan dostlar\u0131na, Yak\u0131n Plan emek\u00e7ilerine tekrar tekrar te\u015fekk\u00fcr ediyorum&#8221; diye ekledi. <\/i>\r<br>\r<br><table width=\"440\" border=\"0\"> <tr> <td align=\"center\"><a href=\"http:\/\/www.kentyasam.com.tr\/Konuk\/11062012htk04.jpg\" target=\"_blank\"> <img decoding=\"async\" src=\"http:\/\/www.kentyasam.com.tr\/Konuk\/11062012htk02.jpg\" border=\"0\" style=\"border:3px solid #dddddd; padding:2px; margin-left:10px;\" align=\"right\"> <\/a><\/td> <\/tr> <tr> <\/table>\r<br>\r<br>Kent Ya\u015fam&#8217;\u0131n ar\u015fivinde buldum bu haberi. 18 A\u011fustos 2008&#8217;de yay\u0131nlanm\u0131\u015f. \r<br>\r<br>Ama olmad\u0131&#8230; \r<br>\r<br>Olamad\u0131&#8230; \r<br>\r<br>Soka\u011f\u0131n sesi olmu\u015ftu ve ne yaz\u0131k ki \u00fclkemin sokaklar\u0131 gibi sesini y\u00fckseltemedi&#8230; \r<br>\r<br>\u00c7\u00fcnk\u00fc tam iki y\u0131l \u00f6nce Fevzi Y\u0131lmaz &#8220;perdeyi indirdi&#8221;&#8230; \r<br>\r<br>Fevzi Y\u0131lmaz&#8217;\u0131n \u00f6ld\u00fc\u011f\u00fcn\u00fc yine Mahir karde\u015fimden \u00f6\u011frendim&#8230;\r<br>\r<br>Cenaze namaz\u0131na gittim&#8230; \r<br>\r<br>Elimi tabuta koydum &#8220;Bak, dedim kimler gelmi\u015f kimler, demek ki \u00f6l\u00fcnce daha \u00e7ok seviliyor insan&#8230;&#8221; \r<br>\r<br>Demediysem namerdim de duydu mu acaba?\r<br>\r<br>Fevzi Y\u0131lmaz Yukar\u0131 Narl\u0131dere Kabristan\u0131&#8217;nda \u00f6yle ilgin\u00e7 bir yerde yat\u0131yor ki \u015fimdi&#8230;\r<br>\r<br>Yolun hemen yan\u0131&#8230; \r<br>\r<br>\u00c7evresi, ya\u015farken &#8220;m\u00fchim&#8221; bir y\u0131\u011f\u0131n mevtayla dolu&#8230;\r<br>\r<br>Geleni gideni yine g\u00f6r\u00fcyor&#8230; \r<br>\r<br>Gazetecili\u011fi mezar\u0131nda da s\u00fcrd\u00fcr\u00fcyor kim bilir? Gazetecili\u011fin en olmazsa olmaz\u0131 g\u00f6zlemi orada yarken de yap\u0131yor Fevzi Y\u0131lmaz&#8230;\r<br>\r<br>Bazen &#8220;Allah&#8217;\u0131n sevdi\u011fiymi\u015f&#8221; diyorum, k\u0131zmay\u0131n&#8230; \r<br>\r<br>\u015eimdi hayatta olsayd\u0131 yine &#8220;Yak\u0131n Plan&#8221; m\u00fccadelesindeydi. Lakin \u00e7ok zorlanacakt\u0131 eminim \u00e7ok&#8230;\r<br>\r<br><img decoding=\"async\" src=\"http:\/\/www.kentyasam.com.tr\/Konuk\/11062012htk03.jpg\" border=\"0\" style=\"border:3px solid #dddddd; padding:2px; margin-left:10px;\" align=\"right\">Yak\u0131n Plan ya\u015famal\u0131yd\u0131, ya\u015fayamad\u0131&#8230; Belki iyi oldu belki de\u011fil&#8230;\r<br>\r<br>Ama bug\u00fcn bir eksik oldu\u011funu rahatl\u0131kla s\u00f6yleyebilirim&#8230;\r<br>\r<br>Narl\u0131dere Belediyesi b\u00fcy\u00fck bir vefa g\u00f6stererek, ki en vefal\u0131 dostlardand\u0131 Abd\u00fcl Batur, bir soka\u011fa ad\u0131n\u0131 verecek Fevzi Y\u0131lmaz&#8217;\u0131n&#8230;\r<br>\r<br>Pazartesi saat 17.00 Narl\u0131dere&#8230;\r<br>\r<br>Folkart evlerine gelmeden hemen \u00f6nce&#8230; \r<br>\r<br>Orada olaca\u011f\u0131m in\u015fallah&#8230; \u0130stiyorum ki eline Yak\u0131n Plan alm\u0131\u015f kim varsa orada olsun&#8230;\r<br>\r<br>11 Haziran 2012 Pazartesi&#8230;\r<br>\r<br>Allah rahmetini esirgemesin, geride b\u0131rakt\u0131\u011f\u0131 sevenlerine sab\u0131r versin, ne diyeyim ki ba\u015fka? <h3>Related Images:<\/h3>","protected":false},"excerpt":{"rendered":"<div class=\"mh-excerpt\"><p>Ya\u015farken de \u00f6ld\u00fc\u011f\u00fcnde de b\u00f6yle bir yaz\u0131 yazmak akl\u0131m\u0131n ucundan ge\u00e7mezdi. \u00c7o\u011funlukla tart\u0131\u015f\u0131rd\u0131k g\u00fczelce&#8230; Ama insan gibi, y\u00fcz y\u00fcze&#8230; Birbirimizin ard\u0131ndan konu\u015ftu\u011fumuzda oldu. Ama iftira, <a class=\"mh-excerpt-more\" href=\"https:\/\/kentyasam.com.tr\/wp\/2012\/06\/11\/iki-yil-olmus\/\" title=\"\u0130ki y\u0131l olmu\u015f&#8230;\">[&#8230;]<\/a><\/p>\n<\/div>","protected":false},"author":1,"featured_media":0,"comment_status":"open","ping_status":"open","sticky":false,"template":"","format":"standard","meta":{"ngg_post_thumbnail":0,"footnotes":""},"categories":[30],"tags":[],"_links":{"self":[{"href":"https:\/\/kentyasam.com.tr\/wp\/wp-json\/wp\/v2\/posts\/64120"}],"collection":[{"href":"https:\/\/kentyasam.com.tr\/wp\/wp-json\/wp\/v2\/posts"}],"about":[{"href":"https:\/\/kentyasam.com.tr\/wp\/wp-json\/wp\/v2\/types\/post"}],"author":[{"embeddable":true,"href":"https:\/\/kentyasam.com.tr\/wp\/wp-json\/wp\/v2\/users\/1"}],"replies":[{"embeddable":true,"href":"https:\/\/kentyasam.com.tr\/wp\/wp-json\/wp\/v2\/comments?post=64120"}],"version-history":[{"count":0,"href":"https:\/\/kentyasam.com.tr\/wp\/wp-json\/wp\/v2\/posts\/64120\/revisions"}],"wp:attachment":[{"href":"https:\/\/kentyasam.com.tr\/wp\/wp-json\/wp\/v2\/media?parent=64120"}],"wp:term":[{"taxonomy":"category","embeddable":true,"href":"https:\/\/kentyasam.com.tr\/wp\/wp-json\/wp\/v2\/categories?post=64120"},{"taxonomy":"post_tag","embeddable":true,"href":"https:\/\/kentyasam.com.tr\/wp\/wp-json\/wp\/v2\/tags?post=64120"}],"curies":[{"name":"wp","href":"https:\/\/api.w.org\/{rel}","templated":true}]}}