{"id":64091,"date":"2012-04-16T00:00:00","date_gmt":"2012-04-16T00:00:00","guid":{"rendered":"http:\/\/kentyasam.com.tr\/wp\/?p=64091"},"modified":"2012-04-16T00:00:00","modified_gmt":"2012-04-16T00:00:00","slug":"izmir-ime-gokkusagi-yakisiyor-ama","status":"publish","type":"post","link":"https:\/\/kentyasam.com.tr\/wp\/2012\/04\/16\/izmir-ime-gokkusagi-yakisiyor-ama\/","title":{"rendered":"\u0130zmir&#8217;ime G\u00f6kku\u015fa\u011f\u0131 yak\u0131\u015f\u0131yor ama&#8230;"},"content":{"rendered":"\u0130zmir B\u00fcy\u00fck\u015fehir Belediyesi davas\u0131n\u0131 biliyorsunuz. Ara karar da a\u00e7\u0131kland\u0131&#8230;\r<br>\r<br>\u0130zmir&#8217;in se\u00e7ilmi\u015f ba\u015fkan\u0131na &#8220;\u00e7ete reisi&#8221; b\u00fcrokratlar\u0131na da &#8220;\u00e7ete \u00fcyesi&#8221; diyen dava herkes taraf\u0131ndan de\u011ferlendirildi ama ben &#8220;d\u0131\u015f\u0131nda&#8221; kalmaya \u00f6zen g\u00f6sterdim&#8230;\r<br>\r<br>\u00c7\u00fcnk\u00fc &#8220;\u00e7ete reisini&#8221; seviyorum&#8230; \r<br>\r<br>Oy verdim, destekledim&#8230; \r<br>\r<br>Onun b\u0131rak\u0131n &#8220;bilerek&#8221; milyarlar\u0131, &#8220;bilmeden&#8221; bir kuru\u015fu bile &#8220;i\u00e7 edece\u011fine&#8221; kimse inand\u0131ramaz beni. \r<br>\r<br>\u0130nsan olarak bir vakitler olduk\u00e7a yak\u0131ndan tan\u0131d\u0131\u011f\u0131m Aziz Kocao\u011flu&#8217;nun \u00f6zellikle para konusundaki &#8220;pimpirikli\u011fini de&#8221; biliyorum. Makam\u0131nda i\u00e7ti\u011fi keyif \u00e7aylar\u0131n\u0131n bile \u00e7etelesini tutard\u0131 ba\u015fkan&#8230; De\u011fil ki koca \u0130zmir&#8217;in menfaatini kendine, arkada\u015flar\u0131na yontacak ha? \r<br>\r<br>\u0130nanmam, inanm\u0131yorum, inanmayaca\u011f\u0131m&#8230;\r<br>\r<br>Bu dava s\u00fcrecinin &#8220;AKP oyunu&#8221; oldu\u011fu de\u011ferlendirmelerine de inanas\u0131m gelmiyor. AK Parti, bu davan\u0131n do\u011frudan aleyhine olaca\u011f\u0131n\u0131 hi\u00e7 mi bilemez?\r<br>\r<br>M\u00fcmk\u00fcn de\u011fil&#8230; Kimi a\u00e7\u0131klamalar da bu y\u00f6nde zaten&#8230;\r<br>\r<br>Peki nedir bu? \r<br>\r<br>E\u011fer bu davan\u0131n i\u00e7inde bir bit yeni\u011fi varsa bence &#8220;ba\u015fka&#8221;&#8230; \r<br>\r<br>Daha derinde&#8230; \r<br>\r<br>Hatta komplo teorisi gibi gelmesin size ama i\u00e7imden bir ses bu davada &#8220;baz\u0131 \u015fah\u0131slar\u0131n&#8221; \u00f6zellikle dinlenmedi\u011fini, sorgulanmad\u0131\u011f\u0131n\u0131 s\u00f6yl\u00fcyor? \r<br>\r<br>Kan\u0131t\u0131m falan m\u0131 var? Yoksa &#8220;bildi\u011fim&#8221; \u00f6zel bir bilgi mi? \r<br>\r<br>\u0130nan\u0131n yok&#8230;\r<br>\r<br>Sadece baz\u0131 tarihler ve iddianameye konu olmu\u015f baz\u0131 olaylar bana &#8220;Allah Allah o tarihlerde \u015funlar, bunlar da yok muydu o civarda&#8221; dedirtiyor, ne yapay\u0131m yani? \r<br>\r<br>Ama benim yazmak ve payla\u015fmak istedi\u011fim ba\u015fka.\r<br>\r<br>Zira ele\u015ftirsek ya da takdir de etsek yarg\u0131y\u0131 izlemek, beklemek gerek d\u00fc\u015f\u00fcncesindeyim. \u00c7\u00fcnk\u00fc &#8220;yarg\u0131 \u00f6nemli&#8221; diyerek &#8220;yarg\u0131n\u0131n&#8221; nas\u0131l basitle\u015ftirildi\u011fini \u015fu Ergenekon ba\u015flad\u0131\u011f\u0131ndan beri ya\u015f\u0131yoruz. Eskiden olay dava a\u015famas\u0131na gelince susar ve mahkemeyi izlerdik sadece&#8230; Ergenekon&#8217;dan&#8221; beri ise her de\u011fer gibi yarg\u0131n\u0131n \u00f6nemi de &#8220;tart\u0131\u015f\u0131l\u0131r&#8221; oldu&#8230;\r<br>\r<br>\u00d6zellikle &#8220;medya&#8221; denen canavar\u0131n biraz da &#8220;uzaktan kumandal\u0131&#8221; y\u00f6nlendirmesiyle, iddia a\u015famas\u0131nda olan ki\u015filer nas\u0131l da &#8220;lin\u00e7 hedefi&#8221; yap\u0131ld\u0131, g\u00f6rd\u00fck. Y\u0131llar\u0131n\u0131 ve hayatlar\u0131n\u0131 \u00fclkelerine vermi\u015f, Pa\u015fa olmu\u015f Genelkurmay Ba\u015fkan\u0131 olmu\u015f yurtta\u015flar, onca devlet madalyas\u0131na ra\u011fmen nas\u0131l da &#8220;bir k\u0131s\u0131m medyan\u0131n&#8221; lin\u00e7 hedefi olmu\u015flard\u0131? Hele baz\u0131 &#8220;kindarlar&#8221; nas\u0131l da &#8220;ter\u00f6rist&#8221; ilan etmi\u015fti &#8220;devlet madalyal\u0131&#8221; komutanlar\u0131? Ve ne ac\u0131d\u0131r ki hi\u00e7bir savc\u0131 ya da hakim de \u00e7\u0131k\u0131p &#8220;ay\u0131p yahu&#8221; dememi\u015fti de\u011fil mi? \r<br>\r<br>Siyasal iktidar kabul etse de etmese de ne yaz\u0131k ki bug\u00fcn sokakta &#8220;yarg\u0131n\u0131n siyasalla\u015ft\u0131\u011f\u0131&#8221; bal gibi konu\u015fuluyor&#8230; \r<br>\r<br>Belki &#8220;birileri&#8221; ka\u00e7 yaparken g\u00f6z \u00e7\u0131kard\u0131 da halka fark\u0131nda de\u011fil&#8230; \r<br>\r<br>Ama \u0130zmir?\r<br>\r<br>Her belediyede olabilecek &#8220;usuls\u00fczl\u00fckler&#8221; nas\u0131l da &#8220;\u00e7etele\u015ftirildi&#8221; anlayamad\u0131k&#8230;\r<br>\r<br>Hesap hatalar\u0131 me\u011fer &#8220;\u00e7ete&#8221; kapsam\u0131ndaym\u0131\u015f da yeni \u00f6\u011frenmi\u015fiz, bilmiyormu\u015fuz&#8230;\r<br>\r<br>Hakk\u0131nda 400 y\u0131la yak\u0131n &#8220;hapis&#8221; istenen bir &#8220;ba\u015fkan\u0131m\u0131z&#8221; var ve ya\u015fay\u0131p gidiyoruz, ne garip? \r<br>\r<br>\u015eu son duru\u015fmada onca ki\u015fiden sadece ikisinin tahliyesi ve \u00e7o\u011funlu\u011fun yine tutuklu kalmas\u0131 hatta yeni duru\u015fman\u0131n 5 Temmuz&#8217;a \u00f6telenmesi bile tart\u0131\u015f\u0131labilir, tart\u0131\u015f\u0131l\u0131yor. Lakin benim derdim ba\u015fka&#8230;\r<br>\r<br>Bu davay\u0131 hem Ba\u015fkan Kocao\u011flu hem de CHP \u00f6ylesine &#8220;siyasal&#8221; g\u00f6r\u00fcyor ki, \u0130zmir&#8217;de ba\u015fka sorunlara adeta g\u00f6zlerini kapad\u0131lar. \r<br>\r<br>Hem B\u00fcy\u00fck\u015fehir hem de baz\u0131 il\u00e7e belediye hizmetleri korkun\u00e7 \u015fekilde gev\u015fedi, savsaklanma boyuta geldi. \r<br>\r<br>\u0130zmir&#8217;in ekonomik, sosyal, siyasal t\u00fcm sorunlar\u0131n\u0131 ne yaz\u0131k ki &#8220;belediye davas\u0131&#8221; odakl\u0131 konu\u015fuluyor, tart\u0131\u015f\u0131l\u0131yor ve d\u00fc\u015f\u00fcn\u00fcl\u00fcyor&#8230;\r<br>\r<br>CHP&#8217;li vekiller her soruna ya &#8220;Mustafa Balbay&#8221; ya da &#8220;belediye davas\u0131&#8221; ekseninden bakmaya ba\u015flad\u0131&#8230;\r<br>\r<br>Gazeteci Mustafa Balbay ve di\u011fer tutuklu vekillerin, gazetecilerin&#8221;i\u00e7eride&#8221; olmas\u0131n\u0131n kabul edilir yan\u0131 yok. Ama en s\u0131radan belediye g\u00f6revlisi bile sorunlara yakla\u015fmama bahanesi olarak &#8220;belediye davas\u0131n\u0131&#8221; g\u00f6sterip &#8220;moral bozuklu\u011funu&#8221; ileri s\u00fcrmeye ba\u015flad\u0131. \r<br>\r<br>Ba\u015fkanlar\u0131n \u00e7evresindeki &#8220;tufeyli&#8221; kalabal\u0131klar\u0131 inan\u0131lmaz artt\u0131k\u00e7a ne yaz\u0131k ki kulaklar\u0131 da kendilerini o makamlara getirenlere kapan\u0131yor. \r<br>\r<br>Cuma Ye\u015filyurt, Cumartesi g\u00fcn\u00fc de ya\u011fmur alt\u0131nda \u00dc\u00e7yol \u00dc\u00e7kuyular aras\u0131ndayd\u0131m&#8230;\r<br>\r<br>Ka\u00e7 yurtta\u015fla konu\u015ftum, \u00e7ay i\u00e7tim saymad\u0131m. \r<br>\r<br>Konu\u015ftuklar\u0131m\u0131n abartm\u0131yorum tamam\u0131 Aziz Kocao\u011flu oldu\u011fu i\u00e7in CHP&#8217;ye oy verenler, davan\u0131n haks\u0131z oldu\u011funa inananlar. \u00c7o\u011funlu\u011fu olmasa da aralar\u0131nda CHP&#8217;nin kay\u0131tl\u0131 \u00fcyeleri de var. \u0130nan\u0131n biri bile Ba\u015fkana kar\u015f\u0131 &#8220;g\u00fcvensizlik&#8221; i\u00e7inde de\u011fil, Aziz Bey&#8217;in ya\u015fad\u0131klar\u0131n\u0131n hakk\u0131 olmad\u0131\u011f\u0131na inan\u0131yorlar. \r<br>\r<br>Ama bir nokta var ki aynen payla\u015f\u0131yorum CHP&#8217;den, il\u00e7e belediyelerden, milletvekillerinden, Vali&#8217;den, Emniyet&#8217;ten fena halde \u015fik\u00e2yet\u00e7iler&#8230;\r<br>\r<br>Cep telefonu ile \u00e7ekti\u011fim baz\u0131 foto\u011fraflar\u0131 da payla\u015faca\u011f\u0131m sizinle \u015fimdi. \r<br>\r<br>Ama \u015fu ger\u00e7e\u011fi \u00f6zellikle vurgulama ihtiyac\u0131nday\u0131m. \u0130zmir&#8217;in sokaklar\u0131nda h\u00e2kim olan duygu &#8220;hayal k\u0131r\u0131kl\u0131\u011f\u0131 ve ilgisizlik&#8221;&#8230;\r<br>\r<br>\u00dc\u00e7yol&#8217;da, Ye\u015filyurt&#8217;ta, \u00dc\u00e7kuyular&#8217;da, Bal\u00e7ova&#8217;n\u0131n ara sokaklar\u0131nda, Kemeralt\u0131&#8217;nda, Kar\u015f\u0131yaka&#8217;da &#8220;y\u00f6netenin&#8221; sebeb-i mevcudiyeti olan halka kar\u015f\u0131 ilgisizli\u011fi g\u00f6zle g\u00f6r\u00fcl\u00fcr noktada.\r<br>\r<br>Ama \u015fu da var ki vatanda\u015f \u00f6ylesine nazik ve anlay\u0131\u015fl\u0131 ki&#8230; \r<br>\r<br>Se\u00e7ti\u011fi belediye ba\u015fkan\u0131n\u0131 hem seviyor hem de &#8220;ama&#8230;&#8221; diye ba\u015fl\u0131yor konu\u015fmaya. Emniyet M\u00fcd\u00fcr\u00fc sempatik geliyor, Yunus Polisleri ne kadar seviliyorsa trafik polislerinden o kadar ho\u015flan\u0131lm\u0131yor. Ve ne yaz\u0131k ki bizler de, gazeteciler de sevilmiyoruz&#8230; \r<br>\r<br>Baz\u0131 \u00f6rnekler payla\u015farak peki\u015ftirmek istiyorum meseleyi. \r<br>\r<br>Cuma g\u00fcn\u00fc Ye\u015filyurt Ordu Caddesi&#8217;nde y\u00fcr\u00fcyorum&#8230;\r<br>\r<br><img decoding=\"async\" src=\"http:\/\/www.kentyasam.com.tr\/Konuk\/16042012htk05.jpg\" border=\"0\" style=\"border:3px solid #dddddd; padding:2px; margin-right:10px;\" align=\"right\">Kald\u0131r\u0131mlar zaten bir acayip. Bir geni\u015f, bir dar. Baz\u0131 hat\u0131rl\u0131 esnaf\u0131n i\u015fgalini konu bile etmiyorum. \u00d6yle bir yere geliyorum ki duruyorum. Yol kenar\u0131nda temeli yeni a\u00e7\u0131lm\u0131\u015f bir in\u015faat. Ama m\u00fcteahhit efendinin adamlar\u0131, zaten vatanda\u015f\u0131n y\u00fcr\u00fcmekte zorluk \u00e7ekti\u011fi kald\u0131r\u0131m\u0131 da i\u015fgal etmi\u015f. Ordu Caddesi&#8217;ni bilmeyenler i\u00e7in yazay\u0131m, g\u00fcn\u00fcn belli saatlerindeki yo\u011funluk ola\u011fan \u00fcst\u00fcd\u00fcr. Kald\u0131r\u0131mdan inmeye \u00e7al\u0131\u015fmak adeta \u00f6l\u00fcme davetiye \u00e7\u0131karmakt\u0131r&#8230; \r<br>\r<br>M\u00fcteahhitin gasp etti\u011fi kald\u0131r\u0131m\u0131 cep telefonumla \u00e7ekerken bir esnaf yakla\u015f\u0131yor yan\u0131ma. Diyor ki &#8220;rezilli\u011fi g\u00f6rd\u00fcn\u00fcz de\u011fil mi? Ka\u00e7 kez arad\u0131k zab\u0131tay\u0131 ilgilenen olmad\u0131!&#8221; Ye\u015filyurt&#8217;ta \u00e7ok yeni in\u015faat var ve \u00e7o\u011fu akla ziyan&#8230; Darac\u0131k sokaklarda alt\u0131 yedi kat apartman belediye ba\u015fkan\u0131n\u0131 uykular\u0131n\u0131 ka\u00e7\u0131rmal\u0131 ama&#8230;\r<br>\r<br>Ana caddede vatanda\u015f\u0131n kald\u0131r\u0131m\u0131n\u0131 gasp edebilecek kadar aymazla\u015fanlara kar\u015f\u0131 s\u00f6yler misiniz vatanda\u015f\u0131 kim koruyacak? \r<br>\r<br>Cumartesi hep ya\u011fmurluydu&#8230; \r<br>\r<br>\u00dc\u00e7yol&#8217;dan \u00dc\u00e7kuyular&#8217;a do\u011fru yol al\u0131yorum. Yine o kald\u0131r\u0131mlar. \u015eekle girmi\u015f girmesine ama vatanda\u015fta b\u0131rakt\u0131\u011f\u0131 iz pek fena. O in\u015faat firmas\u0131n\u0131n elemanlar\u0131n\u0131n terbiyesizlikleri, hakaretleri, tehditleri adeta \u015fehir efsanesi olmu\u015f. Ta\u015flar yamuk yumuk, e\u011fri b\u00fc\u011fr\u00fc. Ayakkab\u0131n\u0131z\u0131n burnu birine tak\u0131lmasa di\u011ferine mutlaka tak\u0131l\u0131yor. Hele baz\u0131lar\u0131n\u0131n alt\u0131na ya\u011fmur suyu girmi\u015f ki, \u00fczerine h\u0131zla bas\u0131nca ne pa\u00e7an\u0131z kal\u0131yor ne \u00e7evre&#8230; Hava g\u00fczel olunca firman\u0131n elemanlar\u0131 gelip, o e\u011fri b\u00fc\u011fr\u00fc ta\u015flar\u0131 z\u0131mparal\u0131yormu\u015f. Bu do\u011fru mu tart\u0131\u015f\u0131l\u0131yor tabii&#8230;\r<br>\r<br>H\u0131fz\u0131s\u0131hha&#8217;day\u0131m&#8230; \r<br>\r<br>Bir k\u00f6fteci esnafa misafir oluyorum. On dakikada be\u015f ki\u015fi oluyoruz. Bir ara gazeteci a\u011fabeyim \u0130brahim Irmak&#8217;\u0131 g\u00f6r\u00fcyorum ama hemen kayboluyor&#8230; Oysa bir \u00e7ay da onunla i\u00e7mek isterdim. \r<br>\r<br>Emekli bir \u00f6\u011fretmen foto\u011fraf\u0131n\u0131 g\u00f6rd\u00fc\u011f\u00fcn\u00fcz apartman giri\u015fine g\u00f6t\u00fcr\u00fcyor beni. &#8220;Bak&#8221; diyor &#8220;s\u00f6yle bunu televizyonda, bu merdivenler y\u00fcz\u00fcnden iki ihtiyar hastanelik oldu.&#8221; \r<br>\r<br>Bak\u0131yorum dikkatlice ve tabii \u00e7ekiyorum. \r<br>\r<br><img decoding=\"async\" src=\"http:\/\/www.kentyasam.com.tr\/Konuk\/16042012htk04.jpg\" border=\"0\" style=\"border:3px solid #dddddd; padding:2px; margin-right:10px;\" align=\"right\">Yeni d\u00f6\u015feme nedeniyle y\u00fckselme olmu\u015f. Orijinal merdivenler a\u015fa\u011f\u0131da kalm\u0131\u015f. Sonra uyduruk iki basamak yap\u0131lm\u0131\u015f ki i\u015fte o iki uyduruk basamak y\u00fcz\u00fcnden \u00f6zellikle ihtiyarlar d\u00fc\u015f\u00fcp, kollar\u0131n\u0131 ayaklar\u0131n\u0131 k\u0131r\u0131yorlarm\u0131\u015f. Belediyeye telefon edilmi\u015f. Birisi gelmi\u015f bakm\u0131\u015f &#8220;h\u0131m h\u0131m&#8221; etmi\u015f gitmi\u015f&#8230; Bir di\u011feri gelmi\u015f &#8220;size yeni ta\u015f d\u00f6\u015fedik, apartman\u0131n\u0131z\u0131n \u00f6n\u00fcne de siz bak\u0131n&#8221; demi\u015f, f\u0131r\u00e7as\u0131n\u0131 atm\u0131\u015f gitmi\u015f. Emekli \u00f6\u011fretmene en \u00e7ok koyan da bu olmu\u015f. Sonra CHP \u0130l Merkezi aranm\u0131\u015f, oradan da gelmi\u015fler ve &#8220;belediyeye bildirece\u011fiz merak etmeyin&#8221; demi\u015fler. \u0130ki \u00fc\u00e7 ay \u00f6nce Vali K\u0131ra\u00e7 gelmi\u015f oraya bir pastane a\u00e7mak i\u00e7in. Vatanda\u015flar da kald\u0131r\u0131m m\u00fcteahhidini \u015fikayet etmek istemi\u015fler ama Vali beyin yan\u0131na bile yakla\u015ft\u0131r\u0131lmam\u0131\u015flar&#8230;\r<br>\r<br>Ya\u011fmur art\u0131yor ve oradan da ayr\u0131l\u0131yorum. \r<br>\r<br>\u00dc\u00e7kuyular facia&#8230; \r<br>\r<br>Logarlardan su f\u0131\u015fk\u0131r\u0131yor, ortal\u0131k g\u00f6l. Ge\u00e7en arabalar birbirlerine su s\u0131\u00e7rat\u0131yorlar ki san\u0131rs\u0131n tsunami&#8230; \r<br>\r<br>Bal\u00e7ova Mithatpa\u015fa Caddesi&#8217;ne ilerliyoruz ara\u00e7la. \r<br>\r<br>E\u015fref Bitlis alt ge\u00e7idine gelince duruyoruz. \r<br>\r<br>\u00c7\u0131k\u0131nca neden durdu\u011fumuz belli oluyor. AVM&#8217;lerin \u00f6n\u00fcn de park olmu\u015f. G\u00fcya bu yasak ve AVM&#8217;lerin t\u00fcm\u00fc otoparkl\u0131. Ara\u015ft\u0131r\u0131yorum, AVM&#8217;lerin otoparklar\u0131 dolu de\u011fil. Peki, trafi\u011fi aksatan bu parklar\u0131 yapanlar cesareti kimden al\u0131yor? Tabii ki \u0130zmir Emniyet M\u00fcd\u00fcrl\u00fc\u011f\u00fc&#8217;nden&#8230; \u0130ki trafik polisini buradan esirgeyen Emniyet&#8217;ten&#8230; Oysa iki ad\u0131m \u00f6tede bir hastane var ve ambulans g\u00fczerg\u00e2h\u0131 buras\u0131&#8230; \r<br>\r<br>Bal\u00e7ova&#8217;ya Ata Caddesi&#8217;nden giriyorum&#8230;\r<br>\r<br>Buras\u0131 da bir acayip&#8230; \r<br>\r<br><img decoding=\"async\" src=\"http:\/\/www.kentyasam.com.tr\/Konuk\/16042012htk01.jpg\" border=\"0\" style=\"border:3px solid #dddddd; padding:2px; margin-right:10px;\" align=\"right\">Y\u0131llar \u00f6nce Ata Caddesi &#8220;tek y\u00f6n&#8221; yap\u0131l\u0131rken kar\u015f\u0131 \u00e7\u0131kanlara zaman\u0131n B\u00fcy\u00fck\u015fehir Belediyesi kulak vermemi\u015fti, o vakitler Bal\u00e7ova&#8217;da oturdu\u011fumdan iyi hat\u0131rl\u0131yorum.\r<br>\r<br>Hava ya\u011fmurlu ve Ata Caddesi&#8217;nin iki yan\u0131 park olmu\u015f, say\u0131s\u0131z ara\u00e7. Trafik ortada darac\u0131k bir \u015fekilde ilerliyor. Otob\u00fcs dura\u011f\u0131ndakiler, otob\u00fcs yol ortas\u0131nda durdu\u011fundan \u0131slanarak biniyor, inenler de ko\u015farak kald\u0131r\u0131ma ula\u015fmaya \u00e7al\u0131\u015f\u0131yor ara\u00e7lar\u0131n aras\u0131ndan. Bunun da foto\u011fraf\u0131 var!\r<br>\r<br>Ata Caddesi&#8217;nde s\u0131k\u0131l\u0131yorum. Ara sokaklara dal\u0131yorum \u015femsiyemle&#8230; \r<br>\r<br><img decoding=\"async\" src=\"http:\/\/www.kentyasam.com.tr\/Konuk\/16042012htk02.jpg\" border=\"0\" style=\"border:3px solid #dddddd; padding:2px; margin-right:10px;\" align=\"right\">Ve foto\u011fraf\u0131n\u0131z\u0131 g\u00f6rd\u00fc\u011f\u00fcn\u00fcz sokak. B\u00fcy\u00fck\u015fehir \u00e7al\u0131\u015fma yapt\u0131rm\u0131\u015f bir ta\u015ferona galiba&#8230; Sonra Jeotermal de girmi\u015f san\u0131r\u0131m&#8230; Ne yapm\u0131\u015flarsa yapm\u0131\u015flar ve \u00e7ekip gitmi\u015fler. \u00c7amur da vatanda\u015fa kalm\u0131\u015f&#8230; \r<br>\r<br>Bu arada merdiven rezaletine bakarken bir emekli \u00f6\u011fretmenle daha tan\u0131\u015ft\u0131m. Bana bir mektup verdi. Mektubun asl\u0131 Kar\u015f\u0131yaka Belediye Ba\u015fkan\u0131 Cevat Durak&#8217;a yaz\u0131lm\u0131\u015f. Eve gelince okudum, kahroldum. Emekli \u00f6\u011fretmenin mektubunu aynen Sal\u0131 g\u00fcn\u00fc program\u0131mda okuyaca\u011f\u0131m&#8230; \r<br>\r<br>Ve son olarak hafta i\u00e7inden bir olay:\r<br>\r<br>\u0130zmir&#8217;e d\u0131\u015far\u0131dan gezmeye bir aile gelmi\u015f. Ellerinde foto\u011fraf makineleri Kemeralt\u0131&#8217;na girmi\u015fler. Resim \u00e7ekerek ilerliyorlarm\u0131\u015f. Kar\u015f\u0131lar\u0131na biri \u00e7\u0131km\u0131\u015f. Sinirli \u015fekilde &#8220;burada resim \u00e7ekemezsin&#8221; demi\u015f. Adam korkmu\u015f &#8220;neden&#8221; demi\u015f&#8230; &#8220;\u00c7ekemezsin lan, \u00e7izdirme kendini, si&#8230;&#8230;n gidin&#8221; demi\u015f&#8230;\r<br>\r<br>Asl\u0131nda Kemeralt\u0131 klasi\u011fi bu ama aile ilk kez ya\u015fam\u0131\u015f. &#8220;Kayseri&#8217;ye k\u00f6y derdi \u0130zmir, \u0130zmir Teksas olmu\u015f me\u011fer sizi polise \u015fik\u00e2yet edece\u011fim&#8221; demi\u015f. Adam da &#8220;&#8230;&#8230;&#8230;.&#8221; diye cevap vermi\u015f. Yazm\u0131yorum \u00e7\u00fcnk\u00fc hala makamlara sayg\u0131m var&#8230;\r<br>\r<br>\u00d6rnekler \u00e7ok inan\u0131n&#8230;\r<br>\r<br>Ama \u0130zmir&#8217;de bunlar\u0131 yazmak, konu\u015fmak \u00e7ok riskli. \r<br>\r<br>\u00c7\u00fcnk\u00fc demokrasi de &#8220;ki\u015fiye \u00f6zel&#8221; oldu \u0130zmir&#8217;de. \r<br>\r<br>Oysa inand\u0131\u011f\u0131m ben gazeteci olarak sorunlar\u0131 yans\u0131t\u0131rsam, belediye ba\u015fkan\u0131, Vali, emniyet m\u00fcd\u00fcr\u00fc falan memnun olmal\u0131. Yans\u0131tt\u0131\u011f\u0131m sorunu \u00e7\u00f6z\u00fcp, vatanda\u015fa hizmetin tad\u0131n\u0131 \u00e7\u0131karmal\u0131. Ama de\u011fil i\u015fte&#8230; Tufeyliler o kadar \u00e7ok pirim yap\u0131yor ki \u0130zmir&#8217;de &#8220;k\u00f6t\u00fc&#8221; olan ele\u015ftirenler oluyor ne yaz\u0131k&#8230;\r<br>\r<br>Cumartesi \u00e7ok ya\u011fmur vard\u0131 \u0130zmir&#8217;de&#8230; \r<br>\r<br><img decoding=\"async\" src=\"http:\/\/www.kentyasam.com.tr\/Konuk\/16042012htk03.jpg\" border=\"0\" style=\"border:3px solid #dddddd; padding:2px; margin-right:10px;\" align=\"right\">Otoyolun Narl\u0131dere giri\u015fine do\u011fru yol alanlar g\u00f6kku\u015fa\u011f\u0131na rastlad\u0131lar. \u0130\u015fte onlardan bir sevgili \u0130zmirli bir foto\u011fraf yay\u0131mlad\u0131 twitter&#8217;de. O foto\u011fraf\u0131 da anlay\u0131\u015f\u0131na s\u0131\u011f\u0131narak payla\u015faca\u011f\u0131m. Sevgili Kemal \u00c7olako\u011flu \u0130zmir&#8217;e g\u00f6kku\u015fa\u011f\u0131n\u0131n \u00e7ok yak\u0131\u015ft\u0131\u011f\u0131n\u0131 vurgulam\u0131\u015ft\u0131. \r<br>\r<br>Evet \u00e7ok yak\u0131\u015f\u0131yor&#8230; \r<br>\r<br>Benim topra\u011f\u0131na kurban olaca\u011f\u0131m \u0130zmir&#8217;ime g\u00f6kku\u015fa\u011f\u0131 da, ya\u011fmur da, kar da \u00e7ok yak\u0131\u015f\u0131yor&#8230; Ama yak\u0131\u015fmayanlar\u0131 da konu\u015fup yak\u0131\u015fanla de\u011fi\u015ftirmeliyiz. Bence &#8220;insanl\u0131\u011fa&#8221; yak\u0131\u015fan ve yak\u0131\u015facak da budur. \r<br>\r<br>Allah bana bir o\u011ful verdi ki c\u00fcmlemizin evlad\u0131n\u0131 ba\u011f\u0131\u015flas\u0131n. \u0130stedi\u011fim, o\u011flum da en az benim kadar a\u015f\u0131k olsun do\u011fdu\u011fu kente. Sizin evlatlar\u0131n\u0131z da aynen&#8230; Ama ku\u015fkum var benim ve belki de onun i\u00e7in \u00f6fkeliyim, ba\u011f\u0131\u015flay\u0131n l\u00fctfen. \r<br>\r<br>\u0130zmir&#8217;in se\u00e7ti\u011fimiz belediye ba\u015fkanlar\u0131ndan, atanan Vali ve Emniyet M\u00fcd\u00fcr\u00fc&#8217;nden tek bir iste\u011fim var. Allah r\u0131zas\u0131 i\u00e7in soka\u011fa kulak verin. Yoksa \u0130zmir&#8217;ime yak\u0131nda g\u00f6kku\u015fa\u011f\u0131 bile yak\u0131\u015fmayacak! \r<br>\r<br>NOTLAR:\r<br>\r<br>1- Bal\u0131k \u00e7iftlikleriyle ilgili olarak Sel\u00e7uk Ya\u015far&#8217;\u0131n yazd\u0131klar\u0131 hen\u00fcz ge\u00e7ti elime. L\u00fctfetmi\u015fler bize de yollam\u0131\u015flar. Okuyorum, anlamaya \u00e7al\u0131\u015f\u0131yorum ama &#8220;anla\u015f\u0131lmad\u0131\u011f\u0131m\u0131 da&#8221; anl\u0131yorum&#8230; \r<br>\r<br>2- B\u00fcy\u00fck gazetelerin b\u00fcy\u00fck yazarlar\u0131ndan de\u011filim. \u00c7ok s\u0131radan ama &#8220;gazeteci&#8221; yurtta\u015f\u0131m. Yazd\u0131klar\u0131mdan ve s\u00f6ylediklerimden rahats\u0131z olan baz\u0131 canlar &#8220;yahu ka\u00e7 ki\u015fi izliyor, ka\u00e7 ki\u015fi okuyor ki o siteyi&#8221; dermi\u015f sa\u011f\u0131na soluna&#8230; Dalkavuklar da cevap verirmi\u015f &#8220;devletl\u00fbm kendi \u00e7al\u0131yor kendi oynuyor&#8221; diye&#8230; Ya\u015flan\u0131yorum art\u0131k galiba, g\u00fcl\u00fcyorum ama s\u0131k\u00e7a etti\u011fim bir duay\u0131 de ediveriyorum hemen &#8220;Allah&#8217;\u0131m hakk\u0131mda kim ne d\u00fc\u015f\u00fcn\u00fcyorsa sen ona be\u015f kat\u0131n\u0131, on kat\u0131n\u0131 nasip et!&#8221; \r<br>\r<br><table width=\"440\" border=\"0\"> <tr> <td align=\"center\"><img decoding=\"async\" src=\"Konuk\/16042012htk01x.jpg\" \/><\/td> <\/tr> <tr> <td height=\"10\" bgcolor=\"#ffffff\"> <hr align=\"center\" \/> <\/td> <\/tr> <tr> <td align=\"center\"><img decoding=\"async\" src=\"Konuk\/16042012htk02x.jpg\" \/><\/td> <\/tr> <tr> <td height=\"10\" bgcolor=\"#ffffff\"> <hr align=\"center\" \/> <\/td> <\/tr> <tr> <td align=\"center\"><img decoding=\"async\" src=\"Konuk\/16042012htk03x.jpg\" \/><\/td> <\/tr> <tr> <td height=\"10\" bgcolor=\"#ffffff\"> <hr align=\"center\" \/> <\/td> <\/tr> <tr> <td align=\"center\"><img decoding=\"async\" src=\"Konuk\/16042012htk04x.jpg\" \/><\/td> <\/tr> <tr> <td height=\"10\" bgcolor=\"#ffffff\"> <hr align=\"center\" \/> <\/td> <\/tr> <tr> <td align=\"center\"><img decoding=\"async\" src=\"Konuk\/16042012htk05x.jpg\" \/><\/td> <\/tr> <tr> <\/table><h3>Related Images:<\/h3>","protected":false},"excerpt":{"rendered":"<div class=\"mh-excerpt\"><p>\u0130zmir B\u00fcy\u00fck\u015fehir Belediyesi davas\u0131n\u0131 biliyorsunuz. Ara karar da a\u00e7\u0131kland\u0131&#8230; \u0130zmir&#8217;in se\u00e7ilmi\u015f ba\u015fkan\u0131na &#8220;\u00e7ete reisi&#8221; b\u00fcrokratlar\u0131na da &#8220;\u00e7ete \u00fcyesi&#8221; diyen dava herkes taraf\u0131ndan de\u011ferlendirildi ama ben <a class=\"mh-excerpt-more\" href=\"https:\/\/kentyasam.com.tr\/wp\/2012\/04\/16\/izmir-ime-gokkusagi-yakisiyor-ama\/\" title=\"\u0130zmir&#8217;ime G\u00f6kku\u015fa\u011f\u0131 yak\u0131\u015f\u0131yor ama&#8230;\">[&#8230;]<\/a><\/p>\n<\/div>","protected":false},"author":1,"featured_media":0,"comment_status":"open","ping_status":"open","sticky":false,"template":"","format":"standard","meta":{"ngg_post_thumbnail":0,"footnotes":""},"categories":[30],"tags":[],"_links":{"self":[{"href":"https:\/\/kentyasam.com.tr\/wp\/wp-json\/wp\/v2\/posts\/64091"}],"collection":[{"href":"https:\/\/kentyasam.com.tr\/wp\/wp-json\/wp\/v2\/posts"}],"about":[{"href":"https:\/\/kentyasam.com.tr\/wp\/wp-json\/wp\/v2\/types\/post"}],"author":[{"embeddable":true,"href":"https:\/\/kentyasam.com.tr\/wp\/wp-json\/wp\/v2\/users\/1"}],"replies":[{"embeddable":true,"href":"https:\/\/kentyasam.com.tr\/wp\/wp-json\/wp\/v2\/comments?post=64091"}],"version-history":[{"count":0,"href":"https:\/\/kentyasam.com.tr\/wp\/wp-json\/wp\/v2\/posts\/64091\/revisions"}],"wp:attachment":[{"href":"https:\/\/kentyasam.com.tr\/wp\/wp-json\/wp\/v2\/media?parent=64091"}],"wp:term":[{"taxonomy":"category","embeddable":true,"href":"https:\/\/kentyasam.com.tr\/wp\/wp-json\/wp\/v2\/categories?post=64091"},{"taxonomy":"post_tag","embeddable":true,"href":"https:\/\/kentyasam.com.tr\/wp\/wp-json\/wp\/v2\/tags?post=64091"}],"curies":[{"name":"wp","href":"https:\/\/api.w.org\/{rel}","templated":true}]}}