{"id":63611,"date":"2009-11-18T00:00:00","date_gmt":"2009-11-18T00:00:00","guid":{"rendered":"http:\/\/kentyasam.com.tr\/wp\/?p=63611"},"modified":"2009-11-18T00:00:00","modified_gmt":"2009-11-18T00:00:00","slug":"kacirilan-eserler-geri-gelir-mi","status":"publish","type":"post","link":"https:\/\/kentyasam.com.tr\/wp\/2009\/11\/18\/kacirilan-eserler-geri-gelir-mi\/","title":{"rendered":"Ka\u00e7\u0131r\u0131lan eserler geri gelir mi?"},"content":{"rendered":"Sultan Abd\u00fclaziz&#8217;in Macaristan \u0130mparatoru&#8217;na 15, Y\u00fczy\u0131l&#8217;dan. kalma d\u00f6rt ciltlik &#8220;Komedya&#8221;, bir ciltlik &#8220;B\u00fcy\u00fck \u0130skender Tarihi&#8221; gibi \u00f6nemli kitaplar\u0131 hediye etti\u011fini biliyoruz. Zaman i\u00e7ersinde padi\u015fahlar\u0131n &#8220;Ta\u015flar onlar\u0131n olsun alt\u0131nlar bizde kals\u0131n&#8221; mant\u0131\u011f\u0131yla yabanc\u0131lara verdikleri d\u00fcnyaca \u00fcnl\u00fc eserlerimizin say\u0131s\u0131 hi\u00e7 de az de\u011fil.\r<br>\r<br>Kayra Kral\u0131&#8217;n\u0131n d\u00fcnya harikas\u0131 &#8220;Mausoleum&#8221;u da ayn\u0131 y\u00f6ntemlerle yurt d\u0131\u015f\u0131na \u00e7\u0131kar\u0131l\u0131p British M\u00fczesi&#8217;ne ta\u015f\u0131nd\u0131. Cevat \u015eakir&#8217;in m\u00fcze yetkililerine yazd\u0131\u011f\u0131 bilinen o me\u015fhur mektuba verilen yan\u0131t\u0131n kar\u015f\u0131l\u0131\u011f\u0131 bir ba\u015fka deyimle &#8220;Havada bulut, sen Mausoleum&#8217;u unut&#8221; oldu&#8230;\r<br>\r<br><img decoding=\"async\" src=\"http:\/\/www.kentyasam.com.tr\/Konuk\/18112009ob01.jpg\" border=\"0\" style=\"border:3px solid #dddddd; padding:2px; margin-left:10px;\" align=\"right\" \/>Bergama&#8217;daki Zeus Suna\u011f\u0131 da Berlin&#8217;e ka\u00e7\u0131r\u0131lan Anadolu k\u00f6kenli k\u0131ymetini bilemedi\u011fimiz bir ba\u015fka harikam\u0131z olarak i\u00e7imizi ac\u0131t\u0131yor. Atmeydan\u0131&#8217;nda \u0130mparator locas\u0131nda bulunan d\u00f6rt at heykelinden biri bug\u00fcn Venedik&#8217;te, Sen Marko Kilisesi&#8217;nde bulunuyor.\r<br>\r<br>Ba\u015fta Louvre olmak \u00fczere d\u00fcnyaca \u00fcnl\u00fc m\u00fczelerde, cami, mescit, t\u00fcrbe, saray ve \u00f6ren yerlerinden \u00e7al\u0131nan hal\u0131, \u00e7ini, kitabe gibi benzeri eserlerimiz sergileniyor. Troya, Karun, Elmal\u0131 hazineleri de ya\u011fmalanan daha sonra ciddi paralar sarf edip bir k\u0131sm\u0131n\u0131 geriye alabildi\u011fimiz de\u011ferlerimiz.\r<br>\r<br>Okunmas\u0131 i\u00e7in yurt d\u0131\u015f\u0131na g\u00f6nderdi\u011fimiz S\u00fcmer kil tabletleri, Almanya&#8217;n\u0131n ikiye b\u00f6l\u00fcnmesi \u00fczerine uzun y\u0131llar Do\u011fu Almanya&#8217;da kalm\u0131\u015f, geriye getirilmesi de kolay olmam\u0131\u015ft\u0131&#8230; Nemrut Da\u011f\u0131&#8217;ndan Komagene Krall\u0131\u011f\u0131 d\u00f6nemine ait 2100 ya\u015f\u0131ndaki &#8220;Dikilita\u015f&#8221;ta British M\u00fczesi&#8217;ne u\u00e7urulmu\u015f eserlerimiz aras\u0131nda.\r<br>\r<br><img decoding=\"async\" src=\"http:\/\/www.kentyasam.com.tr\/Konuk\/18112009ob02.jpg\" border=\"0\" style=\"border:3px solid #dddddd; padding:2px; margin-left:10px;\" align=\"right\" \/>Gidenler oldu\u011fu gibi d\u0131\u015far\u0131dan bize gelen eserler de olmu\u015f. Sultan Ahmet Meydan\u0131&#8217;nda bulunan, \u0130stanbul&#8217;la \u00f6zde\u015fle\u015fmi\u015f &#8220;Dikilita\u015f&#8221; M\u00d6 1547 y\u0131l\u0131nda ilk dikildi\u011fi yer olan M\u0131s\u0131r&#8217;dan, &#8220;Y\u0131lanl\u0131 s\u00fctun&#8221; Delfi&#8217;den, &#8220;\u00c7emberlita\u015f&#8221; Roma&#8217;dan, Ayasofya&#8217;n\u0131n in\u015faat\u0131nda kullan\u0131lan porfir s\u00fctunlar farkl\u0131 \u00fclkelerden \u0130stanbul&#8217;a getirilmi\u015fti. Bunlar\u0131n aras\u0131nda Topkap\u0131 Saray\u0131&#8217;nda bulunan Kutsal Emanetleri de saymak gerekir. Anlayaca\u011f\u0131n\u0131z eserler \u00fclkeler aras\u0131nda s\u00fcrekli yer de\u011fi\u015ftirmi\u015f g\u00fc\u00e7l\u00fc olanlar be\u011fendiklerini istedikleri yere ta\u015f\u0131m\u0131\u015flar, hatta yak\u0131p y\u0131k\u0131lm\u0131\u015flar&#8230; \r<br>\r<br>Irak Sava\u015f\u0131&#8217;nda ya\u011fmalanan k\u00fclt\u00fcr miras\u0131n\u0131n sonunun hen\u00fcz ne oldu\u011fu bilinmiyor. \u00d6ren yerlerimizden, m\u00fcze ve depolar\u0131m\u0131zdan gerekli \u00f6nlemler al\u0131nmad\u0131\u011f\u0131 i\u00e7in eserler \u00e7al\u0131n\u0131yor. \u00d6deneksizlik y\u00fcz\u00fcnden yar\u0131m kalan kaz\u0131lar, baraj yap\u0131m\u0131 nedeniyle su alt\u0131nda kalacak olan Zeugma ve Allianoi \u00f6rnekleri bir ay\u0131p olarak kar\u015f\u0131m\u0131zda duruyor.\r<br>\r<br><img decoding=\"async\" src=\"http:\/\/www.kentyasam.com.tr\/Konuk\/18112009ob03.jpg\" border=\"0\" style=\"border:3px solid #dddddd; padding:2px; margin-left:10px;\" align=\"right\" \/>Zeus Suna\u011f\u0131&#8217;n\u0131 ve Kayra Kral\u0131&#8217;n\u0131n Mausoleum&#8217;unu geri verirler mi? Ayn\u0131 eserler bizden istense biz elimizdekileri geri verir miyiz? G\u00f6vdesi bizde olan Herk\u00fcl heykelinin ba\u015f\u0131 Amerika&#8217;dan geri gelir mi?\r<br>\r<br>\u0130zmir B\u00fcy\u00fck\u015fehir Belediyesi taraf\u0131ndan d\u00fczenlenen \u0130zmir K\u00fclt\u00fcr \u00c7al\u0131\u015ftay\u0131&#8217;nda, Louvre M\u00fczesi&#8217;ndeki \u0093\u0130zmir&#8217;den Smyrna&#8217;ya&#8221; sergisinde yer alan eserlerin \u0130zmir&#8217;e iadesi konusunda t\u00fcm kat\u0131l\u0131mc\u0131lar\u0131n imza koyaca\u011f\u0131 bir mektup kaleme al\u0131nmas\u0131 kararla\u015ft\u0131r\u0131ld\u0131&#8230; Louvre M\u00fczesi yetkilileri \u0130zmir&#8217;den gelecek mektubun etkisinde kal\u0131p eserleri geri g\u00f6nderirler mi? \r<br>\r<br>Ben umutlu de\u011filim&#8230;<h3>Related Images:<\/h3>","protected":false},"excerpt":{"rendered":"<div class=\"mh-excerpt\"><p>Sultan Abd\u00fclaziz&#8217;in Macaristan \u0130mparatoru&#8217;na 15, Y\u00fczy\u0131l&#8217;dan. kalma d\u00f6rt ciltlik &#8220;Komedya&#8221;, bir ciltlik &#8220;B\u00fcy\u00fck \u0130skender Tarihi&#8221; gibi \u00f6nemli kitaplar\u0131 hediye etti\u011fini biliyoruz. Zaman i\u00e7ersinde padi\u015fahlar\u0131n &#8220;Ta\u015flar <a class=\"mh-excerpt-more\" href=\"https:\/\/kentyasam.com.tr\/wp\/2009\/11\/18\/kacirilan-eserler-geri-gelir-mi\/\" title=\"Ka\u00e7\u0131r\u0131lan eserler geri gelir mi?\">[&#8230;]<\/a><\/p>\n<\/div>","protected":false},"author":1,"featured_media":0,"comment_status":"open","ping_status":"open","sticky":false,"template":"","format":"standard","meta":{"ngg_post_thumbnail":0,"footnotes":""},"categories":[31],"tags":[],"_links":{"self":[{"href":"https:\/\/kentyasam.com.tr\/wp\/wp-json\/wp\/v2\/posts\/63611"}],"collection":[{"href":"https:\/\/kentyasam.com.tr\/wp\/wp-json\/wp\/v2\/posts"}],"about":[{"href":"https:\/\/kentyasam.com.tr\/wp\/wp-json\/wp\/v2\/types\/post"}],"author":[{"embeddable":true,"href":"https:\/\/kentyasam.com.tr\/wp\/wp-json\/wp\/v2\/users\/1"}],"replies":[{"embeddable":true,"href":"https:\/\/kentyasam.com.tr\/wp\/wp-json\/wp\/v2\/comments?post=63611"}],"version-history":[{"count":0,"href":"https:\/\/kentyasam.com.tr\/wp\/wp-json\/wp\/v2\/posts\/63611\/revisions"}],"wp:attachment":[{"href":"https:\/\/kentyasam.com.tr\/wp\/wp-json\/wp\/v2\/media?parent=63611"}],"wp:term":[{"taxonomy":"category","embeddable":true,"href":"https:\/\/kentyasam.com.tr\/wp\/wp-json\/wp\/v2\/categories?post=63611"},{"taxonomy":"post_tag","embeddable":true,"href":"https:\/\/kentyasam.com.tr\/wp\/wp-json\/wp\/v2\/tags?post=63611"}],"curies":[{"name":"wp","href":"https:\/\/api.w.org\/{rel}","templated":true}]}}